{"id":820,"date":"2020-05-04T19:26:51","date_gmt":"2020-05-04T16:26:51","guid":{"rendered":"http:\/\/www.pallokarhut.fi\/lentopallo\/?p=820"},"modified":"2022-03-15T08:31:10","modified_gmt":"2022-03-15T06:31:10","slug":"molemmat-ruotsin-maajoukkuesentterit-poelkky-kuusamoon","status":"publish","type":"post","link":"https:\/\/www.pallokarhut.fi\/lentopallo\/molemmat-ruotsin-maajoukkuesentterit-poelkky-kuusamoon\/","title":{"rendered":"Molemmat Ruotsin maajoukkuesentterit P\u00f6lkky Kuusamoon"},"content":{"rendered":"<p>P\u00d6LKKY KUUSAMO TIEDOTTAA&nbsp;<\/p>\n<p>P\u00f6lkky Kuusamon naisten mestaruusliigajoukkue t\u00e4ydentyi j\u00e4lleen kahdella uudella pelaajalla. Kuusamolaiselle lentopallov\u00e4elle tuttu keskipelaaja Jonna Wasserfaller ja h\u00e4nen maajoukkuekaverinsa, niin ik\u00e4\u00e4n keskell\u00e4 pelaava Linda Andersson solmivat vuoden mittaiset sopimukset.&nbsp;<\/p>\n<div>\n<!--more-->\n<\/div>\n<p>178-senttinen 26-vuotias Jonna on kuusamolaiselle ja koko suomalaiselle lentopallov\u00e4elle eritt\u00e4in tuttu pelaaja. H\u00e4n aloittaa jo kolmannen kauden P\u00f6lkky Kuusamon joukkueessa. H\u00e4n on toiminut P\u00f6lkyn ja Ruotsin maajoukkueen kapteenina ja on tunnettu vahvoista otteista kent\u00e4ll\u00e4 ja on my\u00f6s selke\u00e4 esikuva kent\u00e4n ulkopuolella. Menneell\u00e4 kaudella h\u00e4n kylvi kauhua voimakkaalla hyppysy\u00f6t\u00f6ll\u00e4\u00e4n. \u00c4ss\u00e4tilasto meni ruotsalaisen nimiin ja h\u00e4net valittiin mestaruusliigan t\u00e4hdist\u00f6\u00f6n. Vahvat sy\u00f6t\u00f6t ja kova taisteleva pelityyli ovat siis todellinen pelote vastustajille my\u00f6s tulevalla kaudella.&nbsp;<\/p>\n<p>\u00d6rebron joukkueessa Ruotsin Mestaruusliigassa viimeiset kolme kautta pelannut 22-vuotias (188 cm) Linda on ollut my\u00f6s Ruotsin maajoukkueen kantavia voimia jo kolmen vuoden ajan. Viime kaudella Linda joukkueineen voitti Ruotsin Grand Prix -mestaruuskilpailut ja h\u00e4net valittiin turnauksen parhaaksi pelaajaksi. H\u00e4n suuntaa nyt ensimm\u00e4iseksi kaudeksi ulkomaan kentille ja h\u00e4nen vahvuuksia ovat torjunta ja sy\u00f6tt\u00f6. Linda on avoin ja lempe\u00e4, joka arvostaa hyv\u00e4\u00e4 joukkuehenke\u00e4 sek\u00e4 taistelutahtoa kent\u00e4ll\u00e4.&nbsp;<\/p>\n<p>-Viime kausi oli erinomainen, harmittavasti se j\u00e4i kesken. On ilo palata Kuusamoon kolmanneksi vuodeksi ja saavuttaa menestyst\u00e4. Jatketaan siit\u00e4 mihin viime kaudella j\u00e4\u00e4tiin. N\u00e4hd\u00e4\u00e4n taas loppukes\u00e4st\u00e4, kertoo Jonna.&nbsp;<\/p>\n<p>-On hienoa liitty\u00e4 Kuusamon joukkueeseen tulevaksi kaudeksi. Olen kuullut paljon hyv\u00e4\u00e4 joukkueesta ja sopimusneuvotteluja ei tarvinnut juurikaan pohtia, vaan yhteinen tahtotila l\u00f6ytyi heti. Odotan innolla pelaamista korkealla tasolla. On hienoa p\u00e4\u00e4st\u00e4 tutustumaan uusiin pelaajiin, sek\u00e4 kokonaan uuteen liigaan. Rakastan uusia haasteita, sek\u00e4 haluan olla t\u00e4rke\u00e4 osa joukkuetta ja toivon voivani auttaa joukkuetta menestym\u00e4\u00e4n, toteaa Linda.&nbsp;<\/p>\n<p>P\u00f6lkky Kuusamon p\u00e4\u00e4valmentaja Tuomas Alatalo uskoo, ett\u00e4 t\u00e4m\u00e4 keskarikolmikko puskee toisiaan kovasti eteenp\u00e4in. Jonna on esimerkillinen urheilija, joka tuo paljon johtajuutta joukkueeseemme. Linda on lupaava keskipelaaja, josta my\u00f6s Jonna kertoi paljon positiivista. H\u00e4net on my\u00f6s hienoa saada Kuusamoon.&nbsp;<\/p>\n<p>Kuusamon Pallo-Karhujen puheenjohtaja Mika M\u00e4\u00e4tt\u00e4 toteaa, ett\u00e4 neuvottelut jokaisen pelaajan kanssa ovat sujuneet ripe\u00e4sti. Meit\u00e4 arvostetaan seurana ja kuusamolainen lentopalloyhteis\u00f6 vet\u00e4\u00e4 puoleensa. Yhteinen tahtotila ja tavoite on ollut helppo l\u00f6yt\u00e4\u00e4. Nyt my\u00f6s siis keskipelaajaosastommekin on valmis. Jonna tuo omalla kokemuksellaan ja vahvalla osaamisella erinomaisen lis\u00e4n nuoreen ja n\u00e4lk\u00e4iseen joukkueeseemme. Linda taas kiritt\u00e4\u00e4 kovasti Ellaa (Autere) niin treeneiss\u00e4, kuin kent\u00e4ll\u00e4kin tulevalla kaudella. Meill\u00e4 on nyt kolme maajoukkueringiss\u00e4 olevaa keskipelaajaa, joten tilanteemme on sen puolesta kerrassaan erinomainen.<\/p>\n<p>-Sopimuspelaajia on nyt siis yhteens\u00e4 jo yhdeks\u00e4n. Pari pient\u00e4 puuttuvaa palasta viel\u00e4 uupuu, mutta n\u00e4m\u00e4kin saadaan varmasti l\u00e4hiaikoina paikoilleen. Kun keskikes\u00e4ll\u00e4 sauna l\u00e4mpenee, niin eik\u00f6h\u00e4n silloin n\u00e4m\u00e4kin asiat ole jo ratkenneet, tuumailee M\u00e4\u00e4tt\u00e4.&nbsp;<\/p>\n<p>Pelaajasopimukset:&nbsp;<br \/>Venla Huurne, passari&nbsp;<br \/>Taylor Lindberg (USA), passari&nbsp;<br \/>Jenna Mustonen, yleispelaaja&nbsp;<br \/>Viivi Pyh\u00e4j\u00e4rvi, yleispelaaja&nbsp;<br \/>Milka Koskenkorva, libero&nbsp;<br \/>Rita Timonen, libero&nbsp;<br \/>Ella Autere, keskipelaaja&nbsp;<br \/>Jonna Wasserfaller (SWE), keskipelaaja<br \/>Linda Andersson (SWE), keskipelaaja<\/p>\n<p>&nbsp;<\/p>\n","protected":false},"excerpt":{"rendered":"<p>P\u00d6LKKY KUUSAMO TIEDOTTAA&nbsp; P\u00f6lkky Kuusamon naisten mestaruusliigajoukkue t\u00e4ydentyi j\u00e4lleen kahdella uudella pelaajalla. Kuusamolaiselle lentopallov\u00e4elle tuttu keskipelaaja Jonna Wasserfaller ja h\u00e4nen maajoukkuekaverinsa, niin ik\u00e4\u00e4n keskell\u00e4 pelaava Linda Andersson solmivat vuoden mittaiset sopimukset.&nbsp;<\/p>\n","protected":false},"author":1,"featured_media":0,"comment_status":"closed","ping_status":"open","sticky":false,"template":"","format":"standard","meta":{"footnotes":""},"categories":[19],"tags":[],"class_list":["post-820","post","type-post","status-publish","format-standard","hentry","category-ajankohtaista"],"yoast_head":"<!-- This site is optimized with the Yoast SEO plugin v27.4 - https:\/\/yoast.com\/product\/yoast-seo-wordpress\/ -->\n<title>Molemmat Ruotsin maajoukkuesentterit P\u00f6lkky Kuusamoon - Pallokarhut, lentopallo<\/title>\n<meta name=\"robots\" content=\"index, follow, max-snippet:-1, max-image-preview:large, max-video-preview:-1\" \/>\n<link rel=\"canonical\" href=\"https:\/\/www.pallokarhut.fi\/lentopallo\/molemmat-ruotsin-maajoukkuesentterit-poelkky-kuusamoon\/\" \/>\n<meta property=\"og:locale\" content=\"fi_FI\" \/>\n<meta property=\"og:type\" content=\"article\" \/>\n<meta property=\"og:title\" content=\"Molemmat Ruotsin maajoukkuesentterit P\u00f6lkky Kuusamoon - Pallokarhut, lentopallo\" \/>\n<meta property=\"og:description\" content=\"P\u00d6LKKY KUUSAMO TIEDOTTAA&nbsp; P\u00f6lkky Kuusamon naisten mestaruusliigajoukkue t\u00e4ydentyi j\u00e4lleen kahdella uudella pelaajalla. Kuusamolaiselle lentopallov\u00e4elle tuttu keskipelaaja Jonna Wasserfaller ja h\u00e4nen maajoukkuekaverinsa, niin ik\u00e4\u00e4n keskell\u00e4 pelaava Linda Andersson solmivat vuoden mittaiset sopimukset.&nbsp;\" \/>\n<meta property=\"og:url\" content=\"https:\/\/www.pallokarhut.fi\/lentopallo\/molemmat-ruotsin-maajoukkuesentterit-poelkky-kuusamoon\/\" \/>\n<meta property=\"og:site_name\" content=\"Pallokarhut, lentopallo\" \/>\n<meta property=\"article:published_time\" content=\"2020-05-04T16:26:51+00:00\" \/>\n<meta property=\"article:modified_time\" content=\"2022-03-15T06:31:10+00:00\" \/>\n<meta name=\"author\" content=\"davas_saara\" \/>\n<meta name=\"twitter:card\" content=\"summary_large_image\" \/>\n<meta name=\"twitter:label1\" content=\"Kirjoittanut\" \/>\n\t<meta name=\"twitter:data1\" content=\"davas_saara\" \/>\n\t<meta name=\"twitter:label2\" content=\"Arvioitu lukuaika\" \/>\n\t<meta name=\"twitter:data2\" content=\"3 minuuttia\" \/>\n<script type=\"application\/ld+json\" class=\"yoast-schema-graph\">{\"@context\":\"https:\\\/\\\/schema.org\",\"@graph\":[{\"@type\":\"Article\",\"@id\":\"https:\\\/\\\/www.pallokarhut.fi\\\/lentopallo\\\/molemmat-ruotsin-maajoukkuesentterit-poelkky-kuusamoon\\\/#article\",\"isPartOf\":{\"@id\":\"https:\\\/\\\/www.pallokarhut.fi\\\/lentopallo\\\/molemmat-ruotsin-maajoukkuesentterit-poelkky-kuusamoon\\\/\"},\"author\":{\"name\":\"davas_saara\",\"@id\":\"https:\\\/\\\/www.pallokarhut.fi\\\/lentopallo\\\/#\\\/schema\\\/person\\\/fe82638390c9ef8ff03f1a83186bf53f\"},\"headline\":\"Molemmat Ruotsin maajoukkuesentterit P\u00f6lkky Kuusamoon\",\"datePublished\":\"2020-05-04T16:26:51+00:00\",\"dateModified\":\"2022-03-15T06:31:10+00:00\",\"mainEntityOfPage\":{\"@id\":\"https:\\\/\\\/www.pallokarhut.fi\\\/lentopallo\\\/molemmat-ruotsin-maajoukkuesentterit-poelkky-kuusamoon\\\/\"},\"wordCount\":519,\"articleSection\":[\"Ajankohtaista\"],\"inLanguage\":\"fi\"},{\"@type\":\"WebPage\",\"@id\":\"https:\\\/\\\/www.pallokarhut.fi\\\/lentopallo\\\/molemmat-ruotsin-maajoukkuesentterit-poelkky-kuusamoon\\\/\",\"url\":\"https:\\\/\\\/www.pallokarhut.fi\\\/lentopallo\\\/molemmat-ruotsin-maajoukkuesentterit-poelkky-kuusamoon\\\/\",\"name\":\"Molemmat Ruotsin maajoukkuesentterit P\u00f6lkky Kuusamoon - Pallokarhut, lentopallo\",\"isPartOf\":{\"@id\":\"https:\\\/\\\/www.pallokarhut.fi\\\/lentopallo\\\/#website\"},\"datePublished\":\"2020-05-04T16:26:51+00:00\",\"dateModified\":\"2022-03-15T06:31:10+00:00\",\"author\":{\"@id\":\"https:\\\/\\\/www.pallokarhut.fi\\\/lentopallo\\\/#\\\/schema\\\/person\\\/fe82638390c9ef8ff03f1a83186bf53f\"},\"breadcrumb\":{\"@id\":\"https:\\\/\\\/www.pallokarhut.fi\\\/lentopallo\\\/molemmat-ruotsin-maajoukkuesentterit-poelkky-kuusamoon\\\/#breadcrumb\"},\"inLanguage\":\"fi\",\"potentialAction\":[{\"@type\":\"ReadAction\",\"target\":[\"https:\\\/\\\/www.pallokarhut.fi\\\/lentopallo\\\/molemmat-ruotsin-maajoukkuesentterit-poelkky-kuusamoon\\\/\"]}]},{\"@type\":\"BreadcrumbList\",\"@id\":\"https:\\\/\\\/www.pallokarhut.fi\\\/lentopallo\\\/molemmat-ruotsin-maajoukkuesentterit-poelkky-kuusamoon\\\/#breadcrumb\",\"itemListElement\":[{\"@type\":\"ListItem\",\"position\":1,\"name\":\"Etusivu\",\"item\":\"https:\\\/\\\/www.pallokarhut.fi\\\/lentopallo\\\/\"},{\"@type\":\"ListItem\",\"position\":2,\"name\":\"Molemmat Ruotsin maajoukkuesentterit P\u00f6lkky Kuusamoon\"}]},{\"@type\":\"WebSite\",\"@id\":\"https:\\\/\\\/www.pallokarhut.fi\\\/lentopallo\\\/#website\",\"url\":\"https:\\\/\\\/www.pallokarhut.fi\\\/lentopallo\\\/\",\"name\":\"Pallokarhut, lentopallo\",\"description\":\"Lentopalloa Kuusamossa\",\"potentialAction\":[{\"@type\":\"SearchAction\",\"target\":{\"@type\":\"EntryPoint\",\"urlTemplate\":\"https:\\\/\\\/www.pallokarhut.fi\\\/lentopallo\\\/?s={search_term_string}\"},\"query-input\":{\"@type\":\"PropertyValueSpecification\",\"valueRequired\":true,\"valueName\":\"search_term_string\"}}],\"inLanguage\":\"fi\"},{\"@type\":\"Person\",\"@id\":\"https:\\\/\\\/www.pallokarhut.fi\\\/lentopallo\\\/#\\\/schema\\\/person\\\/fe82638390c9ef8ff03f1a83186bf53f\",\"name\":\"davas_saara\",\"image\":{\"@type\":\"ImageObject\",\"inLanguage\":\"fi\",\"@id\":\"https:\\\/\\\/www.pallokarhut.fi\\\/lentopallo\\\/wp-content\\\/litespeed\\\/avatar\\\/f849348f62390ab4d6a206dcd61f5771.jpg?ver=1777282058\",\"url\":\"https:\\\/\\\/www.pallokarhut.fi\\\/lentopallo\\\/wp-content\\\/litespeed\\\/avatar\\\/f849348f62390ab4d6a206dcd61f5771.jpg?ver=1777282058\",\"contentUrl\":\"https:\\\/\\\/www.pallokarhut.fi\\\/lentopallo\\\/wp-content\\\/litespeed\\\/avatar\\\/f849348f62390ab4d6a206dcd61f5771.jpg?ver=1777282058\",\"caption\":\"davas_saara\"},\"sameAs\":[\"http:\\\/\\\/www.pallokarhut.fi\\\/lentopallo\"],\"url\":\"https:\\\/\\\/www.pallokarhut.fi\\\/lentopallo\\\/author\\\/davas_saara\\\/\"}]}<\/script>\n<!-- \/ Yoast SEO plugin. -->","yoast_head_json":{"title":"Molemmat Ruotsin maajoukkuesentterit P\u00f6lkky Kuusamoon - Pallokarhut, lentopallo","robots":{"index":"index","follow":"follow","max-snippet":"max-snippet:-1","max-image-preview":"max-image-preview:large","max-video-preview":"max-video-preview:-1"},"canonical":"https:\/\/www.pallokarhut.fi\/lentopallo\/molemmat-ruotsin-maajoukkuesentterit-poelkky-kuusamoon\/","og_locale":"fi_FI","og_type":"article","og_title":"Molemmat Ruotsin maajoukkuesentterit P\u00f6lkky Kuusamoon - Pallokarhut, lentopallo","og_description":"P\u00d6LKKY KUUSAMO TIEDOTTAA&nbsp; P\u00f6lkky Kuusamon naisten mestaruusliigajoukkue t\u00e4ydentyi j\u00e4lleen kahdella uudella pelaajalla. Kuusamolaiselle lentopallov\u00e4elle tuttu keskipelaaja Jonna Wasserfaller ja h\u00e4nen maajoukkuekaverinsa, niin ik\u00e4\u00e4n keskell\u00e4 pelaava Linda Andersson solmivat vuoden mittaiset sopimukset.&nbsp;","og_url":"https:\/\/www.pallokarhut.fi\/lentopallo\/molemmat-ruotsin-maajoukkuesentterit-poelkky-kuusamoon\/","og_site_name":"Pallokarhut, lentopallo","article_published_time":"2020-05-04T16:26:51+00:00","article_modified_time":"2022-03-15T06:31:10+00:00","author":"davas_saara","twitter_card":"summary_large_image","twitter_misc":{"Kirjoittanut":"davas_saara","Arvioitu lukuaika":"3 minuuttia"},"schema":{"@context":"https:\/\/schema.org","@graph":[{"@type":"Article","@id":"https:\/\/www.pallokarhut.fi\/lentopallo\/molemmat-ruotsin-maajoukkuesentterit-poelkky-kuusamoon\/#article","isPartOf":{"@id":"https:\/\/www.pallokarhut.fi\/lentopallo\/molemmat-ruotsin-maajoukkuesentterit-poelkky-kuusamoon\/"},"author":{"name":"davas_saara","@id":"https:\/\/www.pallokarhut.fi\/lentopallo\/#\/schema\/person\/fe82638390c9ef8ff03f1a83186bf53f"},"headline":"Molemmat Ruotsin maajoukkuesentterit P\u00f6lkky Kuusamoon","datePublished":"2020-05-04T16:26:51+00:00","dateModified":"2022-03-15T06:31:10+00:00","mainEntityOfPage":{"@id":"https:\/\/www.pallokarhut.fi\/lentopallo\/molemmat-ruotsin-maajoukkuesentterit-poelkky-kuusamoon\/"},"wordCount":519,"articleSection":["Ajankohtaista"],"inLanguage":"fi"},{"@type":"WebPage","@id":"https:\/\/www.pallokarhut.fi\/lentopallo\/molemmat-ruotsin-maajoukkuesentterit-poelkky-kuusamoon\/","url":"https:\/\/www.pallokarhut.fi\/lentopallo\/molemmat-ruotsin-maajoukkuesentterit-poelkky-kuusamoon\/","name":"Molemmat Ruotsin maajoukkuesentterit P\u00f6lkky Kuusamoon - Pallokarhut, lentopallo","isPartOf":{"@id":"https:\/\/www.pallokarhut.fi\/lentopallo\/#website"},"datePublished":"2020-05-04T16:26:51+00:00","dateModified":"2022-03-15T06:31:10+00:00","author":{"@id":"https:\/\/www.pallokarhut.fi\/lentopallo\/#\/schema\/person\/fe82638390c9ef8ff03f1a83186bf53f"},"breadcrumb":{"@id":"https:\/\/www.pallokarhut.fi\/lentopallo\/molemmat-ruotsin-maajoukkuesentterit-poelkky-kuusamoon\/#breadcrumb"},"inLanguage":"fi","potentialAction":[{"@type":"ReadAction","target":["https:\/\/www.pallokarhut.fi\/lentopallo\/molemmat-ruotsin-maajoukkuesentterit-poelkky-kuusamoon\/"]}]},{"@type":"BreadcrumbList","@id":"https:\/\/www.pallokarhut.fi\/lentopallo\/molemmat-ruotsin-maajoukkuesentterit-poelkky-kuusamoon\/#breadcrumb","itemListElement":[{"@type":"ListItem","position":1,"name":"Etusivu","item":"https:\/\/www.pallokarhut.fi\/lentopallo\/"},{"@type":"ListItem","position":2,"name":"Molemmat Ruotsin maajoukkuesentterit P\u00f6lkky Kuusamoon"}]},{"@type":"WebSite","@id":"https:\/\/www.pallokarhut.fi\/lentopallo\/#website","url":"https:\/\/www.pallokarhut.fi\/lentopallo\/","name":"Pallokarhut, lentopallo","description":"Lentopalloa Kuusamossa","potentialAction":[{"@type":"SearchAction","target":{"@type":"EntryPoint","urlTemplate":"https:\/\/www.pallokarhut.fi\/lentopallo\/?s={search_term_string}"},"query-input":{"@type":"PropertyValueSpecification","valueRequired":true,"valueName":"search_term_string"}}],"inLanguage":"fi"},{"@type":"Person","@id":"https:\/\/www.pallokarhut.fi\/lentopallo\/#\/schema\/person\/fe82638390c9ef8ff03f1a83186bf53f","name":"davas_saara","image":{"@type":"ImageObject","inLanguage":"fi","@id":"https:\/\/www.pallokarhut.fi\/lentopallo\/wp-content\/litespeed\/avatar\/f849348f62390ab4d6a206dcd61f5771.jpg?ver=1777282058","url":"https:\/\/www.pallokarhut.fi\/lentopallo\/wp-content\/litespeed\/avatar\/f849348f62390ab4d6a206dcd61f5771.jpg?ver=1777282058","contentUrl":"https:\/\/www.pallokarhut.fi\/lentopallo\/wp-content\/litespeed\/avatar\/f849348f62390ab4d6a206dcd61f5771.jpg?ver=1777282058","caption":"davas_saara"},"sameAs":["http:\/\/www.pallokarhut.fi\/lentopallo"],"url":"https:\/\/www.pallokarhut.fi\/lentopallo\/author\/davas_saara\/"}]}},"_links":{"self":[{"href":"https:\/\/www.pallokarhut.fi\/lentopallo\/wp-json\/wp\/v2\/posts\/820","targetHints":{"allow":["GET"]}}],"collection":[{"href":"https:\/\/www.pallokarhut.fi\/lentopallo\/wp-json\/wp\/v2\/posts"}],"about":[{"href":"https:\/\/www.pallokarhut.fi\/lentopallo\/wp-json\/wp\/v2\/types\/post"}],"author":[{"embeddable":true,"href":"https:\/\/www.pallokarhut.fi\/lentopallo\/wp-json\/wp\/v2\/users\/1"}],"replies":[{"embeddable":true,"href":"https:\/\/www.pallokarhut.fi\/lentopallo\/wp-json\/wp\/v2\/comments?post=820"}],"version-history":[{"count":1,"href":"https:\/\/www.pallokarhut.fi\/lentopallo\/wp-json\/wp\/v2\/posts\/820\/revisions"}],"predecessor-version":[{"id":1431,"href":"https:\/\/www.pallokarhut.fi\/lentopallo\/wp-json\/wp\/v2\/posts\/820\/revisions\/1431"}],"wp:attachment":[{"href":"https:\/\/www.pallokarhut.fi\/lentopallo\/wp-json\/wp\/v2\/media?parent=820"}],"wp:term":[{"taxonomy":"category","embeddable":true,"href":"https:\/\/www.pallokarhut.fi\/lentopallo\/wp-json\/wp\/v2\/categories?post=820"},{"taxonomy":"post_tag","embeddable":true,"href":"https:\/\/www.pallokarhut.fi\/lentopallo\/wp-json\/wp\/v2\/tags?post=820"}],"curies":[{"name":"wp","href":"https:\/\/api.w.org\/{rel}","templated":true}]}}