{"id":542,"date":"2017-08-31T23:02:42","date_gmt":"2017-08-31T20:02:42","guid":{"rendered":"http:\/\/www.pallokarhut.fi\/lentopallo\/?p=542"},"modified":"2022-03-15T08:32:08","modified_gmt":"2022-03-15T06:32:08","slug":"laehikuvassa-viktoryia-artsemava","status":"publish","type":"post","link":"https:\/\/www.pallokarhut.fi\/lentopallo\/laehikuvassa-viktoryia-artsemava\/","title":{"rendered":"L\u00e4hikuvassa Viktoryia Artsemava"},"content":{"rendered":"<div><img decoding=\"async\" class=\" size-full wp-image-540\" src=\"http:\/\/www.pallokarhut.fi\/lentopallo\/wp-content\/uploads\/2017\/08\/viki_www_01-scaled.jpg\" alt=\"\" width=\"250\" height=\"172\" srcset=\"https:\/\/www.pallokarhut.fi\/lentopallo\/wp-content\/uploads\/2017\/08\/viki_www_01-scaled.jpg 2560w, https:\/\/www.pallokarhut.fi\/lentopallo\/wp-content\/uploads\/2017\/08\/viki_www_01-300x206.jpg 300w, https:\/\/www.pallokarhut.fi\/lentopallo\/wp-content\/uploads\/2017\/08\/viki_www_01-1024x705.jpg 1024w, https:\/\/www.pallokarhut.fi\/lentopallo\/wp-content\/uploads\/2017\/08\/viki_www_01-768x528.jpg 768w, https:\/\/www.pallokarhut.fi\/lentopallo\/wp-content\/uploads\/2017\/08\/viki_www_01-1536x1057.jpg 1536w, https:\/\/www.pallokarhut.fi\/lentopallo\/wp-content\/uploads\/2017\/08\/viki_www_01-2048x1409.jpg 2048w\" sizes=\"(max-width: 250px) 100vw, 250px\" \/>&nbsp;<img decoding=\"async\" class=\" size-full wp-image-541\" src=\"http:\/\/www.pallokarhut.fi\/lentopallo\/wp-content\/uploads\/2017\/08\/viki_www_02.jpg\" alt=\"\" width=\"177\" height=\"172\" srcset=\"https:\/\/www.pallokarhut.fi\/lentopallo\/wp-content\/uploads\/2017\/08\/viki_www_02.jpg 1823w, https:\/\/www.pallokarhut.fi\/lentopallo\/wp-content\/uploads\/2017\/08\/viki_www_02-300x292.jpg 300w, https:\/\/www.pallokarhut.fi\/lentopallo\/wp-content\/uploads\/2017\/08\/viki_www_02-1024x996.jpg 1024w, https:\/\/www.pallokarhut.fi\/lentopallo\/wp-content\/uploads\/2017\/08\/viki_www_02-768x747.jpg 768w, https:\/\/www.pallokarhut.fi\/lentopallo\/wp-content\/uploads\/2017\/08\/viki_www_02-1536x1495.jpg 1536w\" sizes=\"(max-width: 177px) 100vw, 177px\" \/><\/div>\n<div>Esittelyvuorossa on P\u00f6lkky Kuusamon pelaajista valkoven\u00e4l\u00e4inen Viktoryia Artsemava.<\/div>\n<div>&nbsp;<\/div>\n<div>P\u00f6lkky hankki kev\u00e4\u00e4ll\u00e4 kev\u00e4\u00e4ll\u00e4 26 vuotiaan, 182-senttisen keskitorjujan, joka on ollut voittamassa Valko-Ven\u00e4j\u00e4n sarjassa kaksi kertaa hopeaa ja kolme kertaa pronssia. H\u00e4nell\u00e4 on ollut siis kokemusta mitalien kaulaan ripustamisesta kotimaan sarjassa ja juuri sit\u00e4h\u00e4n Kuusamossa toivotaan ja halutaan seuraavaksi saavutettavan.<br \/>\n<!--more-->\n<\/div>\n<div>&nbsp;<br \/>Miten olet viihtynyt t\u00e4m\u00e4n noin kuukauden Kuusamossa viett\u00e4m\u00e4si ajan?<\/div>\n<div>&#8211; Onhan t\u00e4m\u00e4 paljon rauhallisempi paikka kuin kotikaupunkini, asukasluvultaan puolimiljoonainen Mogilev Valko-Ven\u00e4j\u00e4ll\u00e4. <\/p>\n<p>&#8211; Alkuun oli v\u00e4h\u00e4n kieliongelmia, mutta Lenan (Olena Prokopenko) tulo toi helpotusta kommunikointiin toisten pelaajien kanssa.<\/p><\/div>\n<div>&nbsp;<\/div>\n<div>Joukkuekavereiden lyhent\u00e4m\u00e4ll\u00e4 kutsumanimell\u00e4 &#8211; &#8221;Viki&#8221; kertoo harrastaneensa pienen\u00e4 monipuolisesti eri urheilulajeja. H\u00e4n aloitti 14-vuotiaana urheiluakatemiassa ja p\u00e4\u00e4si 10. luokalla pelaamaan lentopalloa maansa korkeimmalla sarjatasolla.<\/div>\n<div>&nbsp;<\/div>\n<div>Onko yhteispeli joukkueen kanssa jo hyv\u00e4ll\u00e4 mallilla? <br \/>&#8211; Keskusteluyhteys pit\u00e4\u00e4 saada viel\u00e4 toimimaan paremmin jokkueen muiden pelaajien kanssa, kuka ottaa milloinkin pallon jne.<\/div>\n<div>&#8211; Omaan peliin en ole viel\u00e4 l\u00e4hesk\u00e4\u00e4n tyytyv\u00e4inen, mutta uskon, ett\u00e4 joukkueemme yhteispeli paranee ja p\u00e4\u00e4semme pitk\u00e4lle nyt alkavalla kaudella. Joukkue on viel\u00e4 uusi minulle, mutta vakuutuin kes\u00e4ll\u00e4 Savonlinnan leirin aikana, ett\u00e4 meill\u00e4 on hyv\u00e4 ja menestyv\u00e4 joukkue kasassa.<\/div>\n<div>&nbsp;<\/div>\n<div>Mitk\u00e4 ovat vahvimmat puolesi lentopalloilijana? <br \/>&#8211; Sit\u00e4 pit\u00e4\u00e4 kysy\u00e4 valmentajilta. Aikaisemmat valmentajat ovat pit\u00e4neet monia ominaisuuksia parhaimpinani ja se on v\u00e4h\u00e4n vaihdellut valmentajasta riippuen.<\/div>\n<div>&nbsp;<\/div>\n<div>Lauantaina ja sunnuntaina on my\u00f6s Viktoryia pelaamassa joukkuetovereidensa kanssa liikuntahallilla harjoitusturnauksessa WoVoa ja LiigaPlokia vastaan.<\/div>\n<div>&nbsp;<\/div>\n<div>Tervetuloa mukaan seuraamaan pelaajien otteita t\u00e4ss\u00e4 vaiheessa harjoituskautta. Tosipelit alkavat sitten 23.9.2017 HPK:ta vastaan.<\/div>\n<div>&nbsp;<\/div>\n<div>Kuvat: PaKa\/P\u00f6lkky Kuusamo<\/div>\n<div>&nbsp;<\/div>\n","protected":false},"excerpt":{"rendered":"<p>&nbsp; Esittelyvuorossa on P\u00f6lkky Kuusamon pelaajista valkoven\u00e4l\u00e4inen Viktoryia Artsemava. &nbsp; P\u00f6lkky hankki kev\u00e4\u00e4ll\u00e4 kev\u00e4\u00e4ll\u00e4 26 vuotiaan, 182-senttisen keskitorjujan, joka on ollut voittamassa Valko-Ven\u00e4j\u00e4n sarjassa kaksi kertaa hopeaa ja kolme kertaa pronssia. H\u00e4nell\u00e4 on ollut siis kokemusta mitalien kaulaan ripustamisesta kotimaan sarjassa ja juuri sit\u00e4h\u00e4n Kuusamossa toivotaan ja halutaan seuraavaksi saavutettavan.<\/p>\n","protected":false},"author":1,"featured_media":540,"comment_status":"closed","ping_status":"open","sticky":false,"template":"","format":"standard","meta":{"footnotes":""},"categories":[19],"tags":[],"class_list":["post-542","post","type-post","status-publish","format-standard","has-post-thumbnail","hentry","category-ajankohtaista"],"yoast_head":"<!-- This site is optimized with the Yoast SEO plugin v27.4 - https:\/\/yoast.com\/product\/yoast-seo-wordpress\/ -->\n<title>L\u00e4hikuvassa Viktoryia Artsemava - Pallokarhut, lentopallo<\/title>\n<meta name=\"robots\" content=\"index, follow, max-snippet:-1, max-image-preview:large, max-video-preview:-1\" \/>\n<link rel=\"canonical\" href=\"https:\/\/www.pallokarhut.fi\/lentopallo\/laehikuvassa-viktoryia-artsemava\/\" \/>\n<meta property=\"og:locale\" content=\"fi_FI\" \/>\n<meta property=\"og:type\" content=\"article\" \/>\n<meta property=\"og:title\" content=\"L\u00e4hikuvassa Viktoryia Artsemava - Pallokarhut, lentopallo\" \/>\n<meta property=\"og:description\" content=\"&nbsp; Esittelyvuorossa on P\u00f6lkky Kuusamon pelaajista valkoven\u00e4l\u00e4inen Viktoryia Artsemava. &nbsp; P\u00f6lkky hankki kev\u00e4\u00e4ll\u00e4 kev\u00e4\u00e4ll\u00e4 26 vuotiaan, 182-senttisen keskitorjujan, joka on ollut voittamassa Valko-Ven\u00e4j\u00e4n sarjassa kaksi kertaa hopeaa ja kolme kertaa pronssia. H\u00e4nell\u00e4 on ollut siis kokemusta mitalien kaulaan ripustamisesta kotimaan sarjassa ja juuri sit\u00e4h\u00e4n Kuusamossa toivotaan ja halutaan seuraavaksi saavutettavan.\" \/>\n<meta property=\"og:url\" content=\"https:\/\/www.pallokarhut.fi\/lentopallo\/laehikuvassa-viktoryia-artsemava\/\" \/>\n<meta property=\"og:site_name\" content=\"Pallokarhut, lentopallo\" \/>\n<meta property=\"article:published_time\" content=\"2017-08-31T20:02:42+00:00\" \/>\n<meta property=\"article:modified_time\" content=\"2022-03-15T06:32:08+00:00\" \/>\n<meta property=\"og:image\" content=\"https:\/\/www.pallokarhut.fi\/lentopallo\/wp-content\/uploads\/2017\/08\/viki_www_01-scaled.jpg\" \/>\n\t<meta property=\"og:image:width\" content=\"2560\" \/>\n\t<meta property=\"og:image:height\" content=\"1761\" \/>\n\t<meta property=\"og:image:type\" content=\"image\/jpeg\" \/>\n<meta name=\"author\" content=\"davas_saara\" \/>\n<meta name=\"twitter:card\" content=\"summary_large_image\" \/>\n<meta name=\"twitter:label1\" content=\"Kirjoittanut\" \/>\n\t<meta name=\"twitter:data1\" content=\"davas_saara\" \/>\n\t<meta name=\"twitter:label2\" content=\"Arvioitu lukuaika\" \/>\n\t<meta name=\"twitter:data2\" content=\"1 minuutti\" \/>\n<script type=\"application\/ld+json\" class=\"yoast-schema-graph\">{\"@context\":\"https:\\\/\\\/schema.org\",\"@graph\":[{\"@type\":\"Article\",\"@id\":\"https:\\\/\\\/www.pallokarhut.fi\\\/lentopallo\\\/laehikuvassa-viktoryia-artsemava\\\/#article\",\"isPartOf\":{\"@id\":\"https:\\\/\\\/www.pallokarhut.fi\\\/lentopallo\\\/laehikuvassa-viktoryia-artsemava\\\/\"},\"author\":{\"name\":\"davas_saara\",\"@id\":\"https:\\\/\\\/www.pallokarhut.fi\\\/lentopallo\\\/#\\\/schema\\\/person\\\/fe82638390c9ef8ff03f1a83186bf53f\"},\"headline\":\"L\u00e4hikuvassa Viktoryia Artsemava\",\"datePublished\":\"2017-08-31T20:02:42+00:00\",\"dateModified\":\"2022-03-15T06:32:08+00:00\",\"mainEntityOfPage\":{\"@id\":\"https:\\\/\\\/www.pallokarhut.fi\\\/lentopallo\\\/laehikuvassa-viktoryia-artsemava\\\/\"},\"wordCount\":277,\"image\":{\"@id\":\"https:\\\/\\\/www.pallokarhut.fi\\\/lentopallo\\\/laehikuvassa-viktoryia-artsemava\\\/#primaryimage\"},\"thumbnailUrl\":\"https:\\\/\\\/www.pallokarhut.fi\\\/lentopallo\\\/wp-content\\\/uploads\\\/2017\\\/08\\\/viki_www_01-scaled.jpg\",\"articleSection\":[\"Ajankohtaista\"],\"inLanguage\":\"fi\"},{\"@type\":\"WebPage\",\"@id\":\"https:\\\/\\\/www.pallokarhut.fi\\\/lentopallo\\\/laehikuvassa-viktoryia-artsemava\\\/\",\"url\":\"https:\\\/\\\/www.pallokarhut.fi\\\/lentopallo\\\/laehikuvassa-viktoryia-artsemava\\\/\",\"name\":\"L\u00e4hikuvassa Viktoryia Artsemava - Pallokarhut, lentopallo\",\"isPartOf\":{\"@id\":\"https:\\\/\\\/www.pallokarhut.fi\\\/lentopallo\\\/#website\"},\"primaryImageOfPage\":{\"@id\":\"https:\\\/\\\/www.pallokarhut.fi\\\/lentopallo\\\/laehikuvassa-viktoryia-artsemava\\\/#primaryimage\"},\"image\":{\"@id\":\"https:\\\/\\\/www.pallokarhut.fi\\\/lentopallo\\\/laehikuvassa-viktoryia-artsemava\\\/#primaryimage\"},\"thumbnailUrl\":\"https:\\\/\\\/www.pallokarhut.fi\\\/lentopallo\\\/wp-content\\\/uploads\\\/2017\\\/08\\\/viki_www_01-scaled.jpg\",\"datePublished\":\"2017-08-31T20:02:42+00:00\",\"dateModified\":\"2022-03-15T06:32:08+00:00\",\"author\":{\"@id\":\"https:\\\/\\\/www.pallokarhut.fi\\\/lentopallo\\\/#\\\/schema\\\/person\\\/fe82638390c9ef8ff03f1a83186bf53f\"},\"breadcrumb\":{\"@id\":\"https:\\\/\\\/www.pallokarhut.fi\\\/lentopallo\\\/laehikuvassa-viktoryia-artsemava\\\/#breadcrumb\"},\"inLanguage\":\"fi\",\"potentialAction\":[{\"@type\":\"ReadAction\",\"target\":[\"https:\\\/\\\/www.pallokarhut.fi\\\/lentopallo\\\/laehikuvassa-viktoryia-artsemava\\\/\"]}]},{\"@type\":\"ImageObject\",\"inLanguage\":\"fi\",\"@id\":\"https:\\\/\\\/www.pallokarhut.fi\\\/lentopallo\\\/laehikuvassa-viktoryia-artsemava\\\/#primaryimage\",\"url\":\"https:\\\/\\\/www.pallokarhut.fi\\\/lentopallo\\\/wp-content\\\/uploads\\\/2017\\\/08\\\/viki_www_01-scaled.jpg\",\"contentUrl\":\"https:\\\/\\\/www.pallokarhut.fi\\\/lentopallo\\\/wp-content\\\/uploads\\\/2017\\\/08\\\/viki_www_01-scaled.jpg\",\"width\":2560,\"height\":1761},{\"@type\":\"BreadcrumbList\",\"@id\":\"https:\\\/\\\/www.pallokarhut.fi\\\/lentopallo\\\/laehikuvassa-viktoryia-artsemava\\\/#breadcrumb\",\"itemListElement\":[{\"@type\":\"ListItem\",\"position\":1,\"name\":\"Etusivu\",\"item\":\"https:\\\/\\\/www.pallokarhut.fi\\\/lentopallo\\\/\"},{\"@type\":\"ListItem\",\"position\":2,\"name\":\"L\u00e4hikuvassa Viktoryia Artsemava\"}]},{\"@type\":\"WebSite\",\"@id\":\"https:\\\/\\\/www.pallokarhut.fi\\\/lentopallo\\\/#website\",\"url\":\"https:\\\/\\\/www.pallokarhut.fi\\\/lentopallo\\\/\",\"name\":\"Pallokarhut, lentopallo\",\"description\":\"Lentopalloa Kuusamossa\",\"potentialAction\":[{\"@type\":\"SearchAction\",\"target\":{\"@type\":\"EntryPoint\",\"urlTemplate\":\"https:\\\/\\\/www.pallokarhut.fi\\\/lentopallo\\\/?s={search_term_string}\"},\"query-input\":{\"@type\":\"PropertyValueSpecification\",\"valueRequired\":true,\"valueName\":\"search_term_string\"}}],\"inLanguage\":\"fi\"},{\"@type\":\"Person\",\"@id\":\"https:\\\/\\\/www.pallokarhut.fi\\\/lentopallo\\\/#\\\/schema\\\/person\\\/fe82638390c9ef8ff03f1a83186bf53f\",\"name\":\"davas_saara\",\"image\":{\"@type\":\"ImageObject\",\"inLanguage\":\"fi\",\"@id\":\"https:\\\/\\\/www.pallokarhut.fi\\\/lentopallo\\\/wp-content\\\/litespeed\\\/avatar\\\/f849348f62390ab4d6a206dcd61f5771.jpg?ver=1777282058\",\"url\":\"https:\\\/\\\/www.pallokarhut.fi\\\/lentopallo\\\/wp-content\\\/litespeed\\\/avatar\\\/f849348f62390ab4d6a206dcd61f5771.jpg?ver=1777282058\",\"contentUrl\":\"https:\\\/\\\/www.pallokarhut.fi\\\/lentopallo\\\/wp-content\\\/litespeed\\\/avatar\\\/f849348f62390ab4d6a206dcd61f5771.jpg?ver=1777282058\",\"caption\":\"davas_saara\"},\"sameAs\":[\"http:\\\/\\\/www.pallokarhut.fi\\\/lentopallo\"],\"url\":\"https:\\\/\\\/www.pallokarhut.fi\\\/lentopallo\\\/author\\\/davas_saara\\\/\"}]}<\/script>\n<!-- \/ Yoast SEO plugin. -->","yoast_head_json":{"title":"L\u00e4hikuvassa Viktoryia Artsemava - Pallokarhut, lentopallo","robots":{"index":"index","follow":"follow","max-snippet":"max-snippet:-1","max-image-preview":"max-image-preview:large","max-video-preview":"max-video-preview:-1"},"canonical":"https:\/\/www.pallokarhut.fi\/lentopallo\/laehikuvassa-viktoryia-artsemava\/","og_locale":"fi_FI","og_type":"article","og_title":"L\u00e4hikuvassa Viktoryia Artsemava - Pallokarhut, lentopallo","og_description":"&nbsp; Esittelyvuorossa on P\u00f6lkky Kuusamon pelaajista valkoven\u00e4l\u00e4inen Viktoryia Artsemava. &nbsp; P\u00f6lkky hankki kev\u00e4\u00e4ll\u00e4 kev\u00e4\u00e4ll\u00e4 26 vuotiaan, 182-senttisen keskitorjujan, joka on ollut voittamassa Valko-Ven\u00e4j\u00e4n sarjassa kaksi kertaa hopeaa ja kolme kertaa pronssia. H\u00e4nell\u00e4 on ollut siis kokemusta mitalien kaulaan ripustamisesta kotimaan sarjassa ja juuri sit\u00e4h\u00e4n Kuusamossa toivotaan ja halutaan seuraavaksi saavutettavan.","og_url":"https:\/\/www.pallokarhut.fi\/lentopallo\/laehikuvassa-viktoryia-artsemava\/","og_site_name":"Pallokarhut, lentopallo","article_published_time":"2017-08-31T20:02:42+00:00","article_modified_time":"2022-03-15T06:32:08+00:00","og_image":[{"width":2560,"height":1761,"url":"https:\/\/www.pallokarhut.fi\/lentopallo\/wp-content\/uploads\/2017\/08\/viki_www_01-scaled.jpg","type":"image\/jpeg"}],"author":"davas_saara","twitter_card":"summary_large_image","twitter_misc":{"Kirjoittanut":"davas_saara","Arvioitu lukuaika":"1 minuutti"},"schema":{"@context":"https:\/\/schema.org","@graph":[{"@type":"Article","@id":"https:\/\/www.pallokarhut.fi\/lentopallo\/laehikuvassa-viktoryia-artsemava\/#article","isPartOf":{"@id":"https:\/\/www.pallokarhut.fi\/lentopallo\/laehikuvassa-viktoryia-artsemava\/"},"author":{"name":"davas_saara","@id":"https:\/\/www.pallokarhut.fi\/lentopallo\/#\/schema\/person\/fe82638390c9ef8ff03f1a83186bf53f"},"headline":"L\u00e4hikuvassa Viktoryia Artsemava","datePublished":"2017-08-31T20:02:42+00:00","dateModified":"2022-03-15T06:32:08+00:00","mainEntityOfPage":{"@id":"https:\/\/www.pallokarhut.fi\/lentopallo\/laehikuvassa-viktoryia-artsemava\/"},"wordCount":277,"image":{"@id":"https:\/\/www.pallokarhut.fi\/lentopallo\/laehikuvassa-viktoryia-artsemava\/#primaryimage"},"thumbnailUrl":"https:\/\/www.pallokarhut.fi\/lentopallo\/wp-content\/uploads\/2017\/08\/viki_www_01-scaled.jpg","articleSection":["Ajankohtaista"],"inLanguage":"fi"},{"@type":"WebPage","@id":"https:\/\/www.pallokarhut.fi\/lentopallo\/laehikuvassa-viktoryia-artsemava\/","url":"https:\/\/www.pallokarhut.fi\/lentopallo\/laehikuvassa-viktoryia-artsemava\/","name":"L\u00e4hikuvassa Viktoryia Artsemava - Pallokarhut, lentopallo","isPartOf":{"@id":"https:\/\/www.pallokarhut.fi\/lentopallo\/#website"},"primaryImageOfPage":{"@id":"https:\/\/www.pallokarhut.fi\/lentopallo\/laehikuvassa-viktoryia-artsemava\/#primaryimage"},"image":{"@id":"https:\/\/www.pallokarhut.fi\/lentopallo\/laehikuvassa-viktoryia-artsemava\/#primaryimage"},"thumbnailUrl":"https:\/\/www.pallokarhut.fi\/lentopallo\/wp-content\/uploads\/2017\/08\/viki_www_01-scaled.jpg","datePublished":"2017-08-31T20:02:42+00:00","dateModified":"2022-03-15T06:32:08+00:00","author":{"@id":"https:\/\/www.pallokarhut.fi\/lentopallo\/#\/schema\/person\/fe82638390c9ef8ff03f1a83186bf53f"},"breadcrumb":{"@id":"https:\/\/www.pallokarhut.fi\/lentopallo\/laehikuvassa-viktoryia-artsemava\/#breadcrumb"},"inLanguage":"fi","potentialAction":[{"@type":"ReadAction","target":["https:\/\/www.pallokarhut.fi\/lentopallo\/laehikuvassa-viktoryia-artsemava\/"]}]},{"@type":"ImageObject","inLanguage":"fi","@id":"https:\/\/www.pallokarhut.fi\/lentopallo\/laehikuvassa-viktoryia-artsemava\/#primaryimage","url":"https:\/\/www.pallokarhut.fi\/lentopallo\/wp-content\/uploads\/2017\/08\/viki_www_01-scaled.jpg","contentUrl":"https:\/\/www.pallokarhut.fi\/lentopallo\/wp-content\/uploads\/2017\/08\/viki_www_01-scaled.jpg","width":2560,"height":1761},{"@type":"BreadcrumbList","@id":"https:\/\/www.pallokarhut.fi\/lentopallo\/laehikuvassa-viktoryia-artsemava\/#breadcrumb","itemListElement":[{"@type":"ListItem","position":1,"name":"Etusivu","item":"https:\/\/www.pallokarhut.fi\/lentopallo\/"},{"@type":"ListItem","position":2,"name":"L\u00e4hikuvassa Viktoryia Artsemava"}]},{"@type":"WebSite","@id":"https:\/\/www.pallokarhut.fi\/lentopallo\/#website","url":"https:\/\/www.pallokarhut.fi\/lentopallo\/","name":"Pallokarhut, lentopallo","description":"Lentopalloa Kuusamossa","potentialAction":[{"@type":"SearchAction","target":{"@type":"EntryPoint","urlTemplate":"https:\/\/www.pallokarhut.fi\/lentopallo\/?s={search_term_string}"},"query-input":{"@type":"PropertyValueSpecification","valueRequired":true,"valueName":"search_term_string"}}],"inLanguage":"fi"},{"@type":"Person","@id":"https:\/\/www.pallokarhut.fi\/lentopallo\/#\/schema\/person\/fe82638390c9ef8ff03f1a83186bf53f","name":"davas_saara","image":{"@type":"ImageObject","inLanguage":"fi","@id":"https:\/\/www.pallokarhut.fi\/lentopallo\/wp-content\/litespeed\/avatar\/f849348f62390ab4d6a206dcd61f5771.jpg?ver=1777282058","url":"https:\/\/www.pallokarhut.fi\/lentopallo\/wp-content\/litespeed\/avatar\/f849348f62390ab4d6a206dcd61f5771.jpg?ver=1777282058","contentUrl":"https:\/\/www.pallokarhut.fi\/lentopallo\/wp-content\/litespeed\/avatar\/f849348f62390ab4d6a206dcd61f5771.jpg?ver=1777282058","caption":"davas_saara"},"sameAs":["http:\/\/www.pallokarhut.fi\/lentopallo"],"url":"https:\/\/www.pallokarhut.fi\/lentopallo\/author\/davas_saara\/"}]}},"_links":{"self":[{"href":"https:\/\/www.pallokarhut.fi\/lentopallo\/wp-json\/wp\/v2\/posts\/542","targetHints":{"allow":["GET"]}}],"collection":[{"href":"https:\/\/www.pallokarhut.fi\/lentopallo\/wp-json\/wp\/v2\/posts"}],"about":[{"href":"https:\/\/www.pallokarhut.fi\/lentopallo\/wp-json\/wp\/v2\/types\/post"}],"author":[{"embeddable":true,"href":"https:\/\/www.pallokarhut.fi\/lentopallo\/wp-json\/wp\/v2\/users\/1"}],"replies":[{"embeddable":true,"href":"https:\/\/www.pallokarhut.fi\/lentopallo\/wp-json\/wp\/v2\/comments?post=542"}],"version-history":[{"count":1,"href":"https:\/\/www.pallokarhut.fi\/lentopallo\/wp-json\/wp\/v2\/posts\/542\/revisions"}],"predecessor-version":[{"id":1577,"href":"https:\/\/www.pallokarhut.fi\/lentopallo\/wp-json\/wp\/v2\/posts\/542\/revisions\/1577"}],"wp:featuredmedia":[{"embeddable":true,"href":"https:\/\/www.pallokarhut.fi\/lentopallo\/wp-json\/wp\/v2\/media\/540"}],"wp:attachment":[{"href":"https:\/\/www.pallokarhut.fi\/lentopallo\/wp-json\/wp\/v2\/media?parent=542"}],"wp:term":[{"taxonomy":"category","embeddable":true,"href":"https:\/\/www.pallokarhut.fi\/lentopallo\/wp-json\/wp\/v2\/categories?post=542"},{"taxonomy":"post_tag","embeddable":true,"href":"https:\/\/www.pallokarhut.fi\/lentopallo\/wp-json\/wp\/v2\/tags?post=542"}],"curies":[{"name":"wp","href":"https:\/\/api.w.org\/{rel}","templated":true}]}}