{"id":524,"date":"2017-04-25T17:39:34","date_gmt":"2017-04-25T14:39:34","guid":{"rendered":"http:\/\/www.pallokarhut.fi\/lentopallo\/?p=524"},"modified":"2022-03-15T08:32:08","modified_gmt":"2022-03-15T06:32:08","slug":"koutsin-tilinpaatos-menneesta-kaudesta-ja-katsaus-tulevaan","status":"publish","type":"post","link":"https:\/\/www.pallokarhut.fi\/lentopallo\/koutsin-tilinpaatos-menneesta-kaudesta-ja-katsaus-tulevaan\/","title":{"rendered":"Koutsin tilinp\u00e4\u00e4t\u00f6s menneest\u00e4 kaudesta ja katsaus tulevaan"},"content":{"rendered":"<p><img decoding=\"async\" class=\" alignright size-full wp-image-523\" src=\"http:\/\/www.pallokarhut.fi\/lentopallo\/wp-content\/uploads\/2017\/04\/tuomas.jpg\" alt=\"tuomas\" width=\"150\" height=\"152\" style=\"float: right;\" srcset=\"https:\/\/www.pallokarhut.fi\/lentopallo\/wp-content\/uploads\/2017\/04\/tuomas.jpg 300w, https:\/\/www.pallokarhut.fi\/lentopallo\/wp-content\/uploads\/2017\/04\/tuomas-297x300.jpg 297w\" sizes=\"(max-width: 150px) 100vw, 150px\" \/>Kuusamossa pelattiin t\u00e4n\u00e4 vuonna lentopalloa pidemm\u00e4lle kev\u00e4\u00e4seen kuin koskaan aikaisemmin, vaikka ulkona viel\u00e4 aika talviselta n\u00e4ytt\u00e4\u00e4kin. Milt\u00e4 kausi n\u00e4ytti n\u00e4in valmentajan mielest\u00e4? Koitan pohtia asiaa hieman eri n\u00e4k\u00f6kulmista katsottuna.<\/p>\n<p>Jos katsotaan kautta puhtaasti tuloksen kautta, niin 4. sija on hyv\u00e4 saavutus. Joukkueen unelma oli mitali ja siit\u00e4 j\u00e4imme yhden voiton p\u00e4\u00e4h\u00e4n. Seura on k\u00e4sitt\u00e4\u00e4kseni tyytyv\u00e4inen historian ensimm\u00e4isiin mitalipeleihin ja sit\u00e4 kautta saavutettuun eurocup paikkaan. Seuralle n\u00e4m\u00e4 olivat kolmannet pudotuspelit putkeen, se on jo suuri muutos entisest\u00e4 \u201dhissijoukkueesta\u201d.<\/p>\n<p><!--more--><\/p>\n<p>Valmentaja miettii aina my\u00f6s pelaajien kehityst\u00e4 yksil\u00f6in\u00e4. Itse en tykk\u00e4\u00e4 mollata pelien j\u00e4lkeen ket\u00e4\u00e4n nimell\u00e4 esimerkiksi lehdist\u00f6lle, me k\u00e4ymme kritiikin l\u00e4pi joukkueen sis\u00e4ll\u00e4. Niinp\u00e4 en viitsi t\u00e4ss\u00e4 nostaa ket\u00e4\u00e4n sen enemp\u00e4\u00e4 jalustallekaan. Sen tied\u00e4n, ett\u00e4 jotain on tehty oikein, jotain voidaan tehd\u00e4 viel\u00e4 paremmin. T\u00e4ss\u00e4 asiassa tulee harrastettua v\u00e4lill\u00e4 aikamoista itseruoskintaa, mutta toisaalta pyrin luottamaan omiin mittareihini miss\u00e4 menn\u00e4\u00e4n kenenkin osalta.<\/p>\n<p>Tuntui, ett\u00e4 joukkueemme sek\u00e4 pelimme kiinnostivat Kuusamoa ja kuusamolaisyhteis\u00f6\u00e4. K\u00e4sitt\u00e4\u00e4kseni yleis\u00f6keskiarvo oli seuran historian paras jo runkosarjan j\u00e4lkeen. Kuusamossa on hienoa se, ett\u00e4 yleis\u00f6 tulee peleihin &#8211; on vastassa sitten h\u00e4nt\u00e4p\u00e4\u00e4n joukkue tai sarjak\u00e4rki. Tunnelma peleiss\u00e4 on erinomainen. Se on jotain, mist\u00e4 koko Kuusamon kannattaa olla oikeasti ylpe\u00e4. Olen kuitenkin sen verran n\u00e4hnyt ymp\u00e4ri Suomea lentopallopelej\u00e4 ja muitakin urheilutapahtumia, ett\u00e4 vastaavaa ei todellakaan l\u00f6ydy monelta paikkakunnalta. Tottakai mitalipelit jne. saavat \u00e4\u00e4nt\u00e4 halliin l\u00e4hes kaikkialla, mutta runkosarjapeli marraskuun pime\u00e4n\u00e4 iltana? Ei todellakaan. Se on jotain, mit\u00e4 min\u00e4 ja pelaajatkin arvostavat todella paljon.<\/p>\n<p>Jos mietin lentopalloa Kuusamossa yleisemm\u00e4ll\u00e4 tasolla, niin tottakai t\u00f6it\u00e4 riitt\u00e4\u00e4, esimerkiksi junioripolun parantamisessa ja vahvistamisessa aina jopa edustusjoukkueeseen asti. Kuten Koillissanomien mielipidepalstaltakin olemme saaneet lukea, niin osa ihmisist\u00e4 jopa iloitsee vastustajan voitosta, koska joukkueessamme ei omia kasvatteja ole. Pienen paikkakunnan pelaajamassa ei valitettavasti kauhean suuri ole ja esimerkiksi fyysisesti lahjakkaiden (l\u00e4hinn\u00e4 pituus) lasten saaminen lajin pariin ei ole helppoa. Tied\u00e4n kuitenkin seurassa olevan innostuneita juniorivalmentajia, jotka kehitt\u00e4v\u00e4t itse\u00e4\u00e4n ja sit\u00e4 kautta tulevaisuudessa n\u00e4hd\u00e4\u00e4n my\u00f6s toivottavasti kuusamolaispelaajia edustusjoukkueessa asti. T\u00e4m\u00e4 ei kuitenkaan tapahdu kuukaudessa tai parissa sormia napsauttamalla, vaan on pitk\u00e4j\u00e4nteisen ty\u00f6n tulos.<\/p>\n<p>Pari sanaa tulevaisuudesta. Joukkueen sopimustilanne on hyv\u00e4 ja se kertoo, ett\u00e4 seurassa asiat hoidetaan hyvin ja pelaajilla on my\u00f6s mahdollisuus ammattimaiseen harjoitteluun. Jo n\u00e4m\u00e4 kaksi asiaa eiv\u00e4t ole itsest\u00e4\u00e4n selvyys joka seurassa. Vaihtuvuutta viime kauteen tulee jonkun verran, esimerkiksi osa ulkomaalaisista hakee uusia haasteita mahdollisesti kovemmista sarjoista ja t\u00e4m\u00e4h\u00e4n on hienoa, jos pelaaja p\u00e4\u00e4see urallaan eteenp\u00e4in. Hyv\u00e4 ja n\u00e4lk\u00e4inen nippu meill\u00e4 on joka tapauksessa kasassa tulevallakin kaudella.<\/p>\n<p>Loppuun viel\u00e4 perinteinen, mutta edelleen syd\u00e4mest\u00e4ni tuleva KIITOS. Seuraihmiset ja talkoov\u00e4ki, teette upeaa ty\u00f6t\u00e4 joukkueelle. Mutta ennen kaikkea itse arvostan sit\u00e4, ett\u00e4 kanssanne voin olla vaan tavallinen Tumppi. Yhteisty\u00f6kumppanit ja tukijat, olette t\u00e4rke\u00e4 selk\u00e4ranka seuralle ja ilman tukeanne t\u00e4m\u00e4k\u00e4\u00e4n yhteis\u00f6mme ei olisi mahdollinen. Ja te lentopalloa seuraavat kuusamolaiset, tulkaa jatkossakin nykim\u00e4\u00e4n hihasta kaupassa tai kadulla, kanssanne on mukava vaihtaa muutama sana.<\/p>\n<p>Mukavaa kev\u00e4tt\u00e4 ja mahdollisimman v\u00e4h\u00e4lumista kes\u00e4\u00e4 kaikille!<\/p>\n<p>Tumppi<\/p>\n","protected":false},"excerpt":{"rendered":"<p>Kuusamossa pelattiin t\u00e4n\u00e4 vuonna lentopalloa pidemm\u00e4lle kev\u00e4\u00e4seen kuin koskaan aikaisemmin, vaikka ulkona viel\u00e4 aika talviselta n\u00e4ytt\u00e4\u00e4kin. Milt\u00e4 kausi n\u00e4ytti n\u00e4in valmentajan mielest\u00e4? Koitan pohtia asiaa hieman eri n\u00e4k\u00f6kulmista katsottuna. Jos katsotaan kautta puhtaasti tuloksen kautta, niin 4. sija on hyv\u00e4 saavutus. Joukkueen unelma oli mitali ja siit\u00e4 j\u00e4imme yhden voiton p\u00e4\u00e4h\u00e4n. Seura on k\u00e4sitt\u00e4\u00e4kseni tyytyv\u00e4inen [&hellip;]<\/p>\n","protected":false},"author":1,"featured_media":523,"comment_status":"closed","ping_status":"open","sticky":false,"template":"","format":"standard","meta":{"footnotes":""},"categories":[19],"tags":[],"class_list":["post-524","post","type-post","status-publish","format-standard","has-post-thumbnail","hentry","category-ajankohtaista"],"yoast_head":"<!-- This site is optimized with the Yoast SEO plugin v27.4 - https:\/\/yoast.com\/product\/yoast-seo-wordpress\/ -->\n<title>Koutsin tilinp\u00e4\u00e4t\u00f6s menneest\u00e4 kaudesta ja katsaus tulevaan - Pallokarhut, lentopallo<\/title>\n<meta name=\"robots\" content=\"index, follow, max-snippet:-1, max-image-preview:large, max-video-preview:-1\" \/>\n<link rel=\"canonical\" href=\"https:\/\/www.pallokarhut.fi\/lentopallo\/koutsin-tilinpaatos-menneesta-kaudesta-ja-katsaus-tulevaan\/\" \/>\n<meta property=\"og:locale\" content=\"fi_FI\" \/>\n<meta property=\"og:type\" content=\"article\" \/>\n<meta property=\"og:title\" content=\"Koutsin tilinp\u00e4\u00e4t\u00f6s menneest\u00e4 kaudesta ja katsaus tulevaan - Pallokarhut, lentopallo\" \/>\n<meta property=\"og:description\" content=\"Kuusamossa pelattiin t\u00e4n\u00e4 vuonna lentopalloa pidemm\u00e4lle kev\u00e4\u00e4seen kuin koskaan aikaisemmin, vaikka ulkona viel\u00e4 aika talviselta n\u00e4ytt\u00e4\u00e4kin. Milt\u00e4 kausi n\u00e4ytti n\u00e4in valmentajan mielest\u00e4? Koitan pohtia asiaa hieman eri n\u00e4k\u00f6kulmista katsottuna. Jos katsotaan kautta puhtaasti tuloksen kautta, niin 4. sija on hyv\u00e4 saavutus. Joukkueen unelma oli mitali ja siit\u00e4 j\u00e4imme yhden voiton p\u00e4\u00e4h\u00e4n. Seura on k\u00e4sitt\u00e4\u00e4kseni tyytyv\u00e4inen [&hellip;]\" \/>\n<meta property=\"og:url\" content=\"https:\/\/www.pallokarhut.fi\/lentopallo\/koutsin-tilinpaatos-menneesta-kaudesta-ja-katsaus-tulevaan\/\" \/>\n<meta property=\"og:site_name\" content=\"Pallokarhut, lentopallo\" \/>\n<meta property=\"article:published_time\" content=\"2017-04-25T14:39:34+00:00\" \/>\n<meta property=\"article:modified_time\" content=\"2022-03-15T06:32:08+00:00\" \/>\n<meta property=\"og:image\" content=\"https:\/\/www.pallokarhut.fi\/lentopallo\/wp-content\/uploads\/2017\/04\/tuomas.jpg\" \/>\n\t<meta property=\"og:image:width\" content=\"300\" \/>\n\t<meta property=\"og:image:height\" content=\"303\" \/>\n\t<meta property=\"og:image:type\" content=\"image\/jpeg\" \/>\n<meta name=\"author\" content=\"davas_saara\" \/>\n<meta name=\"twitter:card\" content=\"summary_large_image\" \/>\n<meta name=\"twitter:label1\" content=\"Kirjoittanut\" \/>\n\t<meta name=\"twitter:data1\" content=\"davas_saara\" \/>\n\t<meta name=\"twitter:label2\" content=\"Arvioitu lukuaika\" \/>\n\t<meta name=\"twitter:data2\" content=\"3 minuuttia\" \/>\n<script type=\"application\/ld+json\" class=\"yoast-schema-graph\">{\"@context\":\"https:\\\/\\\/schema.org\",\"@graph\":[{\"@type\":\"Article\",\"@id\":\"https:\\\/\\\/www.pallokarhut.fi\\\/lentopallo\\\/koutsin-tilinpaatos-menneesta-kaudesta-ja-katsaus-tulevaan\\\/#article\",\"isPartOf\":{\"@id\":\"https:\\\/\\\/www.pallokarhut.fi\\\/lentopallo\\\/koutsin-tilinpaatos-menneesta-kaudesta-ja-katsaus-tulevaan\\\/\"},\"author\":{\"name\":\"davas_saara\",\"@id\":\"https:\\\/\\\/www.pallokarhut.fi\\\/lentopallo\\\/#\\\/schema\\\/person\\\/fe82638390c9ef8ff03f1a83186bf53f\"},\"headline\":\"Koutsin tilinp\u00e4\u00e4t\u00f6s menneest\u00e4 kaudesta ja katsaus tulevaan\",\"datePublished\":\"2017-04-25T14:39:34+00:00\",\"dateModified\":\"2022-03-15T06:32:08+00:00\",\"mainEntityOfPage\":{\"@id\":\"https:\\\/\\\/www.pallokarhut.fi\\\/lentopallo\\\/koutsin-tilinpaatos-menneesta-kaudesta-ja-katsaus-tulevaan\\\/\"},\"wordCount\":549,\"image\":{\"@id\":\"https:\\\/\\\/www.pallokarhut.fi\\\/lentopallo\\\/koutsin-tilinpaatos-menneesta-kaudesta-ja-katsaus-tulevaan\\\/#primaryimage\"},\"thumbnailUrl\":\"https:\\\/\\\/www.pallokarhut.fi\\\/lentopallo\\\/wp-content\\\/uploads\\\/2017\\\/04\\\/tuomas.jpg\",\"articleSection\":[\"Ajankohtaista\"],\"inLanguage\":\"fi\"},{\"@type\":\"WebPage\",\"@id\":\"https:\\\/\\\/www.pallokarhut.fi\\\/lentopallo\\\/koutsin-tilinpaatos-menneesta-kaudesta-ja-katsaus-tulevaan\\\/\",\"url\":\"https:\\\/\\\/www.pallokarhut.fi\\\/lentopallo\\\/koutsin-tilinpaatos-menneesta-kaudesta-ja-katsaus-tulevaan\\\/\",\"name\":\"Koutsin tilinp\u00e4\u00e4t\u00f6s menneest\u00e4 kaudesta ja katsaus tulevaan - Pallokarhut, lentopallo\",\"isPartOf\":{\"@id\":\"https:\\\/\\\/www.pallokarhut.fi\\\/lentopallo\\\/#website\"},\"primaryImageOfPage\":{\"@id\":\"https:\\\/\\\/www.pallokarhut.fi\\\/lentopallo\\\/koutsin-tilinpaatos-menneesta-kaudesta-ja-katsaus-tulevaan\\\/#primaryimage\"},\"image\":{\"@id\":\"https:\\\/\\\/www.pallokarhut.fi\\\/lentopallo\\\/koutsin-tilinpaatos-menneesta-kaudesta-ja-katsaus-tulevaan\\\/#primaryimage\"},\"thumbnailUrl\":\"https:\\\/\\\/www.pallokarhut.fi\\\/lentopallo\\\/wp-content\\\/uploads\\\/2017\\\/04\\\/tuomas.jpg\",\"datePublished\":\"2017-04-25T14:39:34+00:00\",\"dateModified\":\"2022-03-15T06:32:08+00:00\",\"author\":{\"@id\":\"https:\\\/\\\/www.pallokarhut.fi\\\/lentopallo\\\/#\\\/schema\\\/person\\\/fe82638390c9ef8ff03f1a83186bf53f\"},\"breadcrumb\":{\"@id\":\"https:\\\/\\\/www.pallokarhut.fi\\\/lentopallo\\\/koutsin-tilinpaatos-menneesta-kaudesta-ja-katsaus-tulevaan\\\/#breadcrumb\"},\"inLanguage\":\"fi\",\"potentialAction\":[{\"@type\":\"ReadAction\",\"target\":[\"https:\\\/\\\/www.pallokarhut.fi\\\/lentopallo\\\/koutsin-tilinpaatos-menneesta-kaudesta-ja-katsaus-tulevaan\\\/\"]}]},{\"@type\":\"ImageObject\",\"inLanguage\":\"fi\",\"@id\":\"https:\\\/\\\/www.pallokarhut.fi\\\/lentopallo\\\/koutsin-tilinpaatos-menneesta-kaudesta-ja-katsaus-tulevaan\\\/#primaryimage\",\"url\":\"https:\\\/\\\/www.pallokarhut.fi\\\/lentopallo\\\/wp-content\\\/uploads\\\/2017\\\/04\\\/tuomas.jpg\",\"contentUrl\":\"https:\\\/\\\/www.pallokarhut.fi\\\/lentopallo\\\/wp-content\\\/uploads\\\/2017\\\/04\\\/tuomas.jpg\",\"width\":300,\"height\":303,\"caption\":\"tuomas\"},{\"@type\":\"BreadcrumbList\",\"@id\":\"https:\\\/\\\/www.pallokarhut.fi\\\/lentopallo\\\/koutsin-tilinpaatos-menneesta-kaudesta-ja-katsaus-tulevaan\\\/#breadcrumb\",\"itemListElement\":[{\"@type\":\"ListItem\",\"position\":1,\"name\":\"Etusivu\",\"item\":\"https:\\\/\\\/www.pallokarhut.fi\\\/lentopallo\\\/\"},{\"@type\":\"ListItem\",\"position\":2,\"name\":\"Koutsin tilinp\u00e4\u00e4t\u00f6s menneest\u00e4 kaudesta ja katsaus tulevaan\"}]},{\"@type\":\"WebSite\",\"@id\":\"https:\\\/\\\/www.pallokarhut.fi\\\/lentopallo\\\/#website\",\"url\":\"https:\\\/\\\/www.pallokarhut.fi\\\/lentopallo\\\/\",\"name\":\"Pallokarhut, lentopallo\",\"description\":\"Lentopalloa Kuusamossa\",\"potentialAction\":[{\"@type\":\"SearchAction\",\"target\":{\"@type\":\"EntryPoint\",\"urlTemplate\":\"https:\\\/\\\/www.pallokarhut.fi\\\/lentopallo\\\/?s={search_term_string}\"},\"query-input\":{\"@type\":\"PropertyValueSpecification\",\"valueRequired\":true,\"valueName\":\"search_term_string\"}}],\"inLanguage\":\"fi\"},{\"@type\":\"Person\",\"@id\":\"https:\\\/\\\/www.pallokarhut.fi\\\/lentopallo\\\/#\\\/schema\\\/person\\\/fe82638390c9ef8ff03f1a83186bf53f\",\"name\":\"davas_saara\",\"image\":{\"@type\":\"ImageObject\",\"inLanguage\":\"fi\",\"@id\":\"https:\\\/\\\/www.pallokarhut.fi\\\/lentopallo\\\/wp-content\\\/litespeed\\\/avatar\\\/f849348f62390ab4d6a206dcd61f5771.jpg?ver=1777282058\",\"url\":\"https:\\\/\\\/www.pallokarhut.fi\\\/lentopallo\\\/wp-content\\\/litespeed\\\/avatar\\\/f849348f62390ab4d6a206dcd61f5771.jpg?ver=1777282058\",\"contentUrl\":\"https:\\\/\\\/www.pallokarhut.fi\\\/lentopallo\\\/wp-content\\\/litespeed\\\/avatar\\\/f849348f62390ab4d6a206dcd61f5771.jpg?ver=1777282058\",\"caption\":\"davas_saara\"},\"sameAs\":[\"http:\\\/\\\/www.pallokarhut.fi\\\/lentopallo\"],\"url\":\"https:\\\/\\\/www.pallokarhut.fi\\\/lentopallo\\\/author\\\/davas_saara\\\/\"}]}<\/script>\n<!-- \/ Yoast SEO plugin. -->","yoast_head_json":{"title":"Koutsin tilinp\u00e4\u00e4t\u00f6s menneest\u00e4 kaudesta ja katsaus tulevaan - Pallokarhut, lentopallo","robots":{"index":"index","follow":"follow","max-snippet":"max-snippet:-1","max-image-preview":"max-image-preview:large","max-video-preview":"max-video-preview:-1"},"canonical":"https:\/\/www.pallokarhut.fi\/lentopallo\/koutsin-tilinpaatos-menneesta-kaudesta-ja-katsaus-tulevaan\/","og_locale":"fi_FI","og_type":"article","og_title":"Koutsin tilinp\u00e4\u00e4t\u00f6s menneest\u00e4 kaudesta ja katsaus tulevaan - Pallokarhut, lentopallo","og_description":"Kuusamossa pelattiin t\u00e4n\u00e4 vuonna lentopalloa pidemm\u00e4lle kev\u00e4\u00e4seen kuin koskaan aikaisemmin, vaikka ulkona viel\u00e4 aika talviselta n\u00e4ytt\u00e4\u00e4kin. Milt\u00e4 kausi n\u00e4ytti n\u00e4in valmentajan mielest\u00e4? Koitan pohtia asiaa hieman eri n\u00e4k\u00f6kulmista katsottuna. Jos katsotaan kautta puhtaasti tuloksen kautta, niin 4. sija on hyv\u00e4 saavutus. Joukkueen unelma oli mitali ja siit\u00e4 j\u00e4imme yhden voiton p\u00e4\u00e4h\u00e4n. Seura on k\u00e4sitt\u00e4\u00e4kseni tyytyv\u00e4inen [&hellip;]","og_url":"https:\/\/www.pallokarhut.fi\/lentopallo\/koutsin-tilinpaatos-menneesta-kaudesta-ja-katsaus-tulevaan\/","og_site_name":"Pallokarhut, lentopallo","article_published_time":"2017-04-25T14:39:34+00:00","article_modified_time":"2022-03-15T06:32:08+00:00","og_image":[{"width":300,"height":303,"url":"https:\/\/www.pallokarhut.fi\/lentopallo\/wp-content\/uploads\/2017\/04\/tuomas.jpg","type":"image\/jpeg"}],"author":"davas_saara","twitter_card":"summary_large_image","twitter_misc":{"Kirjoittanut":"davas_saara","Arvioitu lukuaika":"3 minuuttia"},"schema":{"@context":"https:\/\/schema.org","@graph":[{"@type":"Article","@id":"https:\/\/www.pallokarhut.fi\/lentopallo\/koutsin-tilinpaatos-menneesta-kaudesta-ja-katsaus-tulevaan\/#article","isPartOf":{"@id":"https:\/\/www.pallokarhut.fi\/lentopallo\/koutsin-tilinpaatos-menneesta-kaudesta-ja-katsaus-tulevaan\/"},"author":{"name":"davas_saara","@id":"https:\/\/www.pallokarhut.fi\/lentopallo\/#\/schema\/person\/fe82638390c9ef8ff03f1a83186bf53f"},"headline":"Koutsin tilinp\u00e4\u00e4t\u00f6s menneest\u00e4 kaudesta ja katsaus tulevaan","datePublished":"2017-04-25T14:39:34+00:00","dateModified":"2022-03-15T06:32:08+00:00","mainEntityOfPage":{"@id":"https:\/\/www.pallokarhut.fi\/lentopallo\/koutsin-tilinpaatos-menneesta-kaudesta-ja-katsaus-tulevaan\/"},"wordCount":549,"image":{"@id":"https:\/\/www.pallokarhut.fi\/lentopallo\/koutsin-tilinpaatos-menneesta-kaudesta-ja-katsaus-tulevaan\/#primaryimage"},"thumbnailUrl":"https:\/\/www.pallokarhut.fi\/lentopallo\/wp-content\/uploads\/2017\/04\/tuomas.jpg","articleSection":["Ajankohtaista"],"inLanguage":"fi"},{"@type":"WebPage","@id":"https:\/\/www.pallokarhut.fi\/lentopallo\/koutsin-tilinpaatos-menneesta-kaudesta-ja-katsaus-tulevaan\/","url":"https:\/\/www.pallokarhut.fi\/lentopallo\/koutsin-tilinpaatos-menneesta-kaudesta-ja-katsaus-tulevaan\/","name":"Koutsin tilinp\u00e4\u00e4t\u00f6s menneest\u00e4 kaudesta ja katsaus tulevaan - Pallokarhut, lentopallo","isPartOf":{"@id":"https:\/\/www.pallokarhut.fi\/lentopallo\/#website"},"primaryImageOfPage":{"@id":"https:\/\/www.pallokarhut.fi\/lentopallo\/koutsin-tilinpaatos-menneesta-kaudesta-ja-katsaus-tulevaan\/#primaryimage"},"image":{"@id":"https:\/\/www.pallokarhut.fi\/lentopallo\/koutsin-tilinpaatos-menneesta-kaudesta-ja-katsaus-tulevaan\/#primaryimage"},"thumbnailUrl":"https:\/\/www.pallokarhut.fi\/lentopallo\/wp-content\/uploads\/2017\/04\/tuomas.jpg","datePublished":"2017-04-25T14:39:34+00:00","dateModified":"2022-03-15T06:32:08+00:00","author":{"@id":"https:\/\/www.pallokarhut.fi\/lentopallo\/#\/schema\/person\/fe82638390c9ef8ff03f1a83186bf53f"},"breadcrumb":{"@id":"https:\/\/www.pallokarhut.fi\/lentopallo\/koutsin-tilinpaatos-menneesta-kaudesta-ja-katsaus-tulevaan\/#breadcrumb"},"inLanguage":"fi","potentialAction":[{"@type":"ReadAction","target":["https:\/\/www.pallokarhut.fi\/lentopallo\/koutsin-tilinpaatos-menneesta-kaudesta-ja-katsaus-tulevaan\/"]}]},{"@type":"ImageObject","inLanguage":"fi","@id":"https:\/\/www.pallokarhut.fi\/lentopallo\/koutsin-tilinpaatos-menneesta-kaudesta-ja-katsaus-tulevaan\/#primaryimage","url":"https:\/\/www.pallokarhut.fi\/lentopallo\/wp-content\/uploads\/2017\/04\/tuomas.jpg","contentUrl":"https:\/\/www.pallokarhut.fi\/lentopallo\/wp-content\/uploads\/2017\/04\/tuomas.jpg","width":300,"height":303,"caption":"tuomas"},{"@type":"BreadcrumbList","@id":"https:\/\/www.pallokarhut.fi\/lentopallo\/koutsin-tilinpaatos-menneesta-kaudesta-ja-katsaus-tulevaan\/#breadcrumb","itemListElement":[{"@type":"ListItem","position":1,"name":"Etusivu","item":"https:\/\/www.pallokarhut.fi\/lentopallo\/"},{"@type":"ListItem","position":2,"name":"Koutsin tilinp\u00e4\u00e4t\u00f6s menneest\u00e4 kaudesta ja katsaus tulevaan"}]},{"@type":"WebSite","@id":"https:\/\/www.pallokarhut.fi\/lentopallo\/#website","url":"https:\/\/www.pallokarhut.fi\/lentopallo\/","name":"Pallokarhut, lentopallo","description":"Lentopalloa Kuusamossa","potentialAction":[{"@type":"SearchAction","target":{"@type":"EntryPoint","urlTemplate":"https:\/\/www.pallokarhut.fi\/lentopallo\/?s={search_term_string}"},"query-input":{"@type":"PropertyValueSpecification","valueRequired":true,"valueName":"search_term_string"}}],"inLanguage":"fi"},{"@type":"Person","@id":"https:\/\/www.pallokarhut.fi\/lentopallo\/#\/schema\/person\/fe82638390c9ef8ff03f1a83186bf53f","name":"davas_saara","image":{"@type":"ImageObject","inLanguage":"fi","@id":"https:\/\/www.pallokarhut.fi\/lentopallo\/wp-content\/litespeed\/avatar\/f849348f62390ab4d6a206dcd61f5771.jpg?ver=1777282058","url":"https:\/\/www.pallokarhut.fi\/lentopallo\/wp-content\/litespeed\/avatar\/f849348f62390ab4d6a206dcd61f5771.jpg?ver=1777282058","contentUrl":"https:\/\/www.pallokarhut.fi\/lentopallo\/wp-content\/litespeed\/avatar\/f849348f62390ab4d6a206dcd61f5771.jpg?ver=1777282058","caption":"davas_saara"},"sameAs":["http:\/\/www.pallokarhut.fi\/lentopallo"],"url":"https:\/\/www.pallokarhut.fi\/lentopallo\/author\/davas_saara\/"}]}},"_links":{"self":[{"href":"https:\/\/www.pallokarhut.fi\/lentopallo\/wp-json\/wp\/v2\/posts\/524","targetHints":{"allow":["GET"]}}],"collection":[{"href":"https:\/\/www.pallokarhut.fi\/lentopallo\/wp-json\/wp\/v2\/posts"}],"about":[{"href":"https:\/\/www.pallokarhut.fi\/lentopallo\/wp-json\/wp\/v2\/types\/post"}],"author":[{"embeddable":true,"href":"https:\/\/www.pallokarhut.fi\/lentopallo\/wp-json\/wp\/v2\/users\/1"}],"replies":[{"embeddable":true,"href":"https:\/\/www.pallokarhut.fi\/lentopallo\/wp-json\/wp\/v2\/comments?post=524"}],"version-history":[{"count":1,"href":"https:\/\/www.pallokarhut.fi\/lentopallo\/wp-json\/wp\/v2\/posts\/524\/revisions"}],"predecessor-version":[{"id":1581,"href":"https:\/\/www.pallokarhut.fi\/lentopallo\/wp-json\/wp\/v2\/posts\/524\/revisions\/1581"}],"wp:featuredmedia":[{"embeddable":true,"href":"https:\/\/www.pallokarhut.fi\/lentopallo\/wp-json\/wp\/v2\/media\/523"}],"wp:attachment":[{"href":"https:\/\/www.pallokarhut.fi\/lentopallo\/wp-json\/wp\/v2\/media?parent=524"}],"wp:term":[{"taxonomy":"category","embeddable":true,"href":"https:\/\/www.pallokarhut.fi\/lentopallo\/wp-json\/wp\/v2\/categories?post=524"},{"taxonomy":"post_tag","embeddable":true,"href":"https:\/\/www.pallokarhut.fi\/lentopallo\/wp-json\/wp\/v2\/tags?post=524"}],"curies":[{"name":"wp","href":"https:\/\/api.w.org\/{rel}","templated":true}]}}