{"id":4378,"date":"2026-01-21T16:56:22","date_gmt":"2026-01-21T14:56:22","guid":{"rendered":"https:\/\/www.pallokarhut.fi\/lentopallo\/?p=4378"},"modified":"2026-01-21T17:06:42","modified_gmt":"2026-01-21T15:06:42","slug":"andrea-carasille-kahden-vuoden-jatkosopimus-polkkyyn","status":"publish","type":"post","link":"https:\/\/www.pallokarhut.fi\/lentopallo\/andrea-carasille-kahden-vuoden-jatkosopimus-polkkyyn\/","title":{"rendered":"Andrea Carasille kahden vuoden jatkosopimus P\u00f6lkkyyn"},"content":{"rendered":"\n<p><strong>P\u00f6lkky Kuusamo ja Andrea Carasi jatkavat yhteisty\u00f6t\u00e4 \u2013 kahden vuoden jatkosopimus solmittu<\/strong><\/p>\n\n\n\n<figure class=\"wp-block-image size-large\"><img decoding=\"async\" width=\"756\" height=\"1024\" src=\"https:\/\/www.pallokarhut.fi\/lentopallo\/wp-content\/uploads\/2026\/01\/Andrea-Carasi-jatkosopimus-Polkkyyn-756x1024.jpg\" alt=\"\" class=\"wp-image-4379\" srcset=\"https:\/\/www.pallokarhut.fi\/lentopallo\/wp-content\/uploads\/2026\/01\/Andrea-Carasi-jatkosopimus-Polkkyyn-756x1024.jpg 756w, https:\/\/www.pallokarhut.fi\/lentopallo\/wp-content\/uploads\/2026\/01\/Andrea-Carasi-jatkosopimus-Polkkyyn-222x300.jpg 222w, https:\/\/www.pallokarhut.fi\/lentopallo\/wp-content\/uploads\/2026\/01\/Andrea-Carasi-jatkosopimus-Polkkyyn-768x1040.jpg 768w, https:\/\/www.pallokarhut.fi\/lentopallo\/wp-content\/uploads\/2026\/01\/Andrea-Carasi-jatkosopimus-Polkkyyn.jpg 1000w\" sizes=\"(max-width: 756px) 100vw, 756px\" \/><\/figure>\n\n\n\n<p>Kuva\/Photo: Jouni Ronkainen.<br><br>P\u00f6lkky Kuusamo on solminut kahden vuoden jatkosopimuksen p\u00e4\u00e4valmentaja Andrea Carasin kanssa. Seura on eritt\u00e4in tyytyv\u00e4inen yhteisty\u00f6h\u00f6n t\u00e4h\u00e4n asti, ja jatkosopimus on luonteva askel pitk\u00e4j\u00e4nteisen ja kest\u00e4v\u00e4n menestyksen rakentamisessa.<\/p>\n\n\n\n<p>\u2013 &#8221;Andrean ty\u00f6moraali ja asenne ovat olleet koko ajan korkealla tasolla, ja tehdyn ty\u00f6n tulokset puhuvat puolestaan. H\u00e4n on osoittanut vahvaa sitoutumista ja kyky\u00e4 kehitt\u00e4\u00e4 toimintaa pitk\u00e4j\u00e4nteisesti korkeiden tavoitteiden mukaisesti. Yhteisty\u00f6n jatkuminen tuo t\u00e4rke\u00e4\u00e4 jatkuvuutta seuran urheilulliseen linjaan&#8221;, seurasta kommentoidaan.<\/p>\n\n\n\n<p>P\u00e4\u00e4valmentaja Andrea Carasi kertoo viihtyv\u00e4ns\u00e4 Kuusamossa erinomaisesti.<br>\u2013 &#8221;Moni on kysynyt, pid\u00e4nk\u00f6 Suomesta \u2013 vastaus on kyll\u00e4. Pid\u00e4n Suomesta ja erityisesti Kuusamosta. T\u00e4\u00e4ll\u00e4 lentopallo el\u00e4\u00e4 vahvasti osana yhteis\u00f6\u00e4&#8221;, Carasi kuvailee.<\/p>\n\n\n\n<p>\u2013 &#8221;Pid\u00e4n siit\u00e4, miten seuraa johdetaan. Koko organisaatio keskittyy tekem\u00e4\u00e4n asioita korkealla laadulla ja suurilla odotuksilla&#8221;, h\u00e4n jatkaa. Carasi haluaa my\u00f6s kiitt\u00e4\u00e4 koko P\u00f6lkky-yhteis\u00f6\u00e4 laajasti.<\/p>\n\n\n\n<p>\u2013 &#8221;Haluan kiitt\u00e4\u00e4 kaikkia seuratoimijoita, sponsoreita, vapaaehtoisia ja kaikkia taustalla ty\u00f6skentelevi\u00e4 tuesta. Odotan innolla yhteisty\u00f6n jatkumista ja sit\u00e4, ett\u00e4 voimme yhdess\u00e4 rakentaa t\u00e4t\u00e4 t\u00e4rke\u00e4\u00e4 projektia eteenp\u00e4in. Hyv\u00e4 P\u00f6lkky!&#8221;<br>&#8212;&#8212;&#8212;&#8212;&#8212;&#8212;&#8211;<br><strong>P\u00f6lkky Kuusamo and Andrea Carasi Continue Their Cooperation \u2013 Two-Year Contract Extension Signed<\/strong><\/p>\n\n\n\n<p>P\u00f6lkky Kuusamo has signed a two-year contract extension with head coach Andrea Carasi. The club is very satisfied with the cooperation so far, and the extension is a natural step in building long-term and sustainable success.<\/p>\n\n\n\n<p>\u2013 &#8221;Andrea&#8217;s work ethic and attitude have been at a very high level throughout our cooperation, and the results of his work speak for themselves. He has shown strong commitment and an ability to develop the program in a long-term manner with high ambitions. Continuing the cooperation brings important continuity to the club&#8217;s sporting strategy,&#8221; the club comments.<\/p>\n\n\n\n<p>Head coach Andrea Carasi says he is enjoying life in Kuusamo.<br>\u2013 &#8221;Many people have asked me if I like Finland \u2013 the answer is yes. I like Finland and especially Kuusamo. Here, volleyball is strongly alive and truly part of the community,&#8221; Carasi describes.<\/p>\n\n\n\n<p>\u2013 &#8221;I really appreciate the way the club is run. The entire organization is focused on doing things with high quality and high expectations,&#8221; he continues. Carasi also wants to thank the entire P\u00f6lkky community.<\/p>\n\n\n\n<p>\u2013 &#8221;I want to thank all club members, sponsors, volunteers, and everyone working behind the scenes for their support. I&#8217;m really looking forward to continuing our cooperation and building this important project together. Go P\u00f6lkky!&#8221;<\/p>\n\n\n\n<p><\/p>\n","protected":false},"excerpt":{"rendered":"<p>P\u00f6lkky Kuusamo ja Andrea Carasi jatkavat yhteisty\u00f6t\u00e4 \u2013 kahden vuoden jatkosopimus solmittu Kuva\/Photo: Jouni Ronkainen. P\u00f6lkky Kuusamo on solminut kahden vuoden jatkosopimuksen p\u00e4\u00e4valmentaja Andrea Carasin kanssa. Seura on eritt\u00e4in tyytyv\u00e4inen yhteisty\u00f6h\u00f6n t\u00e4h\u00e4n asti, ja jatkosopimus on luonteva askel pitk\u00e4j\u00e4nteisen ja kest\u00e4v\u00e4n menestyksen rakentamisessa. \u2013 &#8221;Andrean ty\u00f6moraali ja asenne ovat olleet koko ajan korkealla tasolla, ja [&hellip;]<\/p>\n","protected":false},"author":3,"featured_media":0,"comment_status":"closed","ping_status":"open","sticky":false,"template":"","format":"standard","meta":{"footnotes":""},"categories":[19,1],"tags":[],"class_list":["post-4378","post","type-post","status-publish","format-standard","hentry","category-ajankohtaista","category-yleinen"],"yoast_head":"<!-- This site is optimized with the Yoast SEO plugin v27.4 - https:\/\/yoast.com\/product\/yoast-seo-wordpress\/ -->\n<title>Andrea Carasille kahden vuoden jatkosopimus P\u00f6lkkyyn - Pallokarhut, lentopallo<\/title>\n<meta name=\"robots\" content=\"index, follow, max-snippet:-1, max-image-preview:large, max-video-preview:-1\" \/>\n<link rel=\"canonical\" href=\"https:\/\/www.pallokarhut.fi\/lentopallo\/andrea-carasille-kahden-vuoden-jatkosopimus-polkkyyn\/\" \/>\n<meta property=\"og:locale\" content=\"fi_FI\" \/>\n<meta property=\"og:type\" content=\"article\" \/>\n<meta property=\"og:title\" content=\"Andrea Carasille kahden vuoden jatkosopimus P\u00f6lkkyyn - Pallokarhut, lentopallo\" \/>\n<meta property=\"og:description\" content=\"P\u00f6lkky Kuusamo ja Andrea Carasi jatkavat yhteisty\u00f6t\u00e4 \u2013 kahden vuoden jatkosopimus solmittu Kuva\/Photo: Jouni Ronkainen. P\u00f6lkky Kuusamo on solminut kahden vuoden jatkosopimuksen p\u00e4\u00e4valmentaja Andrea Carasin kanssa. Seura on eritt\u00e4in tyytyv\u00e4inen yhteisty\u00f6h\u00f6n t\u00e4h\u00e4n asti, ja jatkosopimus on luonteva askel pitk\u00e4j\u00e4nteisen ja kest\u00e4v\u00e4n menestyksen rakentamisessa. \u2013 &#8221;Andrean ty\u00f6moraali ja asenne ovat olleet koko ajan korkealla tasolla, ja [&hellip;]\" \/>\n<meta property=\"og:url\" content=\"https:\/\/www.pallokarhut.fi\/lentopallo\/andrea-carasille-kahden-vuoden-jatkosopimus-polkkyyn\/\" \/>\n<meta property=\"og:site_name\" content=\"Pallokarhut, lentopallo\" \/>\n<meta property=\"article:published_time\" content=\"2026-01-21T14:56:22+00:00\" \/>\n<meta property=\"article:modified_time\" content=\"2026-01-21T15:06:42+00:00\" \/>\n<meta property=\"og:image\" content=\"https:\/\/www.pallokarhut.fi\/lentopallo\/wp-content\/uploads\/2026\/01\/Andrea-Carasi-jatkosopimus-Polkkyyn.jpg\" \/>\n\t<meta property=\"og:image:width\" content=\"1000\" \/>\n\t<meta property=\"og:image:height\" content=\"1354\" \/>\n\t<meta property=\"og:image:type\" content=\"image\/jpeg\" \/>\n<meta name=\"author\" content=\"Vesa Ronkainen\" \/>\n<meta name=\"twitter:card\" content=\"summary_large_image\" \/>\n<meta name=\"twitter:label1\" content=\"Kirjoittanut\" \/>\n\t<meta name=\"twitter:data1\" content=\"Vesa Ronkainen\" \/>\n\t<meta name=\"twitter:label2\" content=\"Arvioitu lukuaika\" \/>\n\t<meta name=\"twitter:data2\" content=\"3 minuuttia\" \/>\n<script type=\"application\/ld+json\" class=\"yoast-schema-graph\">{\"@context\":\"https:\\\/\\\/schema.org\",\"@graph\":[{\"@type\":\"Article\",\"@id\":\"https:\\\/\\\/www.pallokarhut.fi\\\/lentopallo\\\/andrea-carasille-kahden-vuoden-jatkosopimus-polkkyyn\\\/#article\",\"isPartOf\":{\"@id\":\"https:\\\/\\\/www.pallokarhut.fi\\\/lentopallo\\\/andrea-carasille-kahden-vuoden-jatkosopimus-polkkyyn\\\/\"},\"author\":{\"name\":\"Vesa Ronkainen\",\"@id\":\"https:\\\/\\\/www.pallokarhut.fi\\\/lentopallo\\\/#\\\/schema\\\/person\\\/ae497b5d0baedd81dc0d5606f595d447\"},\"headline\":\"Andrea Carasille kahden vuoden jatkosopimus P\u00f6lkkyyn\",\"datePublished\":\"2026-01-21T14:56:22+00:00\",\"dateModified\":\"2026-01-21T15:06:42+00:00\",\"mainEntityOfPage\":{\"@id\":\"https:\\\/\\\/www.pallokarhut.fi\\\/lentopallo\\\/andrea-carasille-kahden-vuoden-jatkosopimus-polkkyyn\\\/\"},\"wordCount\":429,\"image\":{\"@id\":\"https:\\\/\\\/www.pallokarhut.fi\\\/lentopallo\\\/andrea-carasille-kahden-vuoden-jatkosopimus-polkkyyn\\\/#primaryimage\"},\"thumbnailUrl\":\"https:\\\/\\\/www.pallokarhut.fi\\\/lentopallo\\\/wp-content\\\/uploads\\\/2026\\\/01\\\/Andrea-Carasi-jatkosopimus-Polkkyyn-756x1024.jpg\",\"articleSection\":[\"Ajankohtaista\"],\"inLanguage\":\"fi\"},{\"@type\":\"WebPage\",\"@id\":\"https:\\\/\\\/www.pallokarhut.fi\\\/lentopallo\\\/andrea-carasille-kahden-vuoden-jatkosopimus-polkkyyn\\\/\",\"url\":\"https:\\\/\\\/www.pallokarhut.fi\\\/lentopallo\\\/andrea-carasille-kahden-vuoden-jatkosopimus-polkkyyn\\\/\",\"name\":\"Andrea Carasille kahden vuoden jatkosopimus P\u00f6lkkyyn - Pallokarhut, lentopallo\",\"isPartOf\":{\"@id\":\"https:\\\/\\\/www.pallokarhut.fi\\\/lentopallo\\\/#website\"},\"primaryImageOfPage\":{\"@id\":\"https:\\\/\\\/www.pallokarhut.fi\\\/lentopallo\\\/andrea-carasille-kahden-vuoden-jatkosopimus-polkkyyn\\\/#primaryimage\"},\"image\":{\"@id\":\"https:\\\/\\\/www.pallokarhut.fi\\\/lentopallo\\\/andrea-carasille-kahden-vuoden-jatkosopimus-polkkyyn\\\/#primaryimage\"},\"thumbnailUrl\":\"https:\\\/\\\/www.pallokarhut.fi\\\/lentopallo\\\/wp-content\\\/uploads\\\/2026\\\/01\\\/Andrea-Carasi-jatkosopimus-Polkkyyn-756x1024.jpg\",\"datePublished\":\"2026-01-21T14:56:22+00:00\",\"dateModified\":\"2026-01-21T15:06:42+00:00\",\"author\":{\"@id\":\"https:\\\/\\\/www.pallokarhut.fi\\\/lentopallo\\\/#\\\/schema\\\/person\\\/ae497b5d0baedd81dc0d5606f595d447\"},\"breadcrumb\":{\"@id\":\"https:\\\/\\\/www.pallokarhut.fi\\\/lentopallo\\\/andrea-carasille-kahden-vuoden-jatkosopimus-polkkyyn\\\/#breadcrumb\"},\"inLanguage\":\"fi\",\"potentialAction\":[{\"@type\":\"ReadAction\",\"target\":[\"https:\\\/\\\/www.pallokarhut.fi\\\/lentopallo\\\/andrea-carasille-kahden-vuoden-jatkosopimus-polkkyyn\\\/\"]}]},{\"@type\":\"ImageObject\",\"inLanguage\":\"fi\",\"@id\":\"https:\\\/\\\/www.pallokarhut.fi\\\/lentopallo\\\/andrea-carasille-kahden-vuoden-jatkosopimus-polkkyyn\\\/#primaryimage\",\"url\":\"https:\\\/\\\/www.pallokarhut.fi\\\/lentopallo\\\/wp-content\\\/uploads\\\/2026\\\/01\\\/Andrea-Carasi-jatkosopimus-Polkkyyn.jpg\",\"contentUrl\":\"https:\\\/\\\/www.pallokarhut.fi\\\/lentopallo\\\/wp-content\\\/uploads\\\/2026\\\/01\\\/Andrea-Carasi-jatkosopimus-Polkkyyn.jpg\",\"width\":1000,\"height\":1354},{\"@type\":\"BreadcrumbList\",\"@id\":\"https:\\\/\\\/www.pallokarhut.fi\\\/lentopallo\\\/andrea-carasille-kahden-vuoden-jatkosopimus-polkkyyn\\\/#breadcrumb\",\"itemListElement\":[{\"@type\":\"ListItem\",\"position\":1,\"name\":\"Etusivu\",\"item\":\"https:\\\/\\\/www.pallokarhut.fi\\\/lentopallo\\\/\"},{\"@type\":\"ListItem\",\"position\":2,\"name\":\"Andrea Carasille kahden vuoden jatkosopimus P\u00f6lkkyyn\"}]},{\"@type\":\"WebSite\",\"@id\":\"https:\\\/\\\/www.pallokarhut.fi\\\/lentopallo\\\/#website\",\"url\":\"https:\\\/\\\/www.pallokarhut.fi\\\/lentopallo\\\/\",\"name\":\"Pallokarhut, lentopallo\",\"description\":\"Lentopalloa Kuusamossa\",\"potentialAction\":[{\"@type\":\"SearchAction\",\"target\":{\"@type\":\"EntryPoint\",\"urlTemplate\":\"https:\\\/\\\/www.pallokarhut.fi\\\/lentopallo\\\/?s={search_term_string}\"},\"query-input\":{\"@type\":\"PropertyValueSpecification\",\"valueRequired\":true,\"valueName\":\"search_term_string\"}}],\"inLanguage\":\"fi\"},{\"@type\":\"Person\",\"@id\":\"https:\\\/\\\/www.pallokarhut.fi\\\/lentopallo\\\/#\\\/schema\\\/person\\\/ae497b5d0baedd81dc0d5606f595d447\",\"name\":\"Vesa Ronkainen\",\"image\":{\"@type\":\"ImageObject\",\"inLanguage\":\"fi\",\"@id\":\"https:\\\/\\\/www.pallokarhut.fi\\\/lentopallo\\\/wp-content\\\/litespeed\\\/avatar\\\/a8b6da43447ae8e6f024f197b6a97143.jpg?ver=1777281417\",\"url\":\"https:\\\/\\\/www.pallokarhut.fi\\\/lentopallo\\\/wp-content\\\/litespeed\\\/avatar\\\/a8b6da43447ae8e6f024f197b6a97143.jpg?ver=1777281417\",\"contentUrl\":\"https:\\\/\\\/www.pallokarhut.fi\\\/lentopallo\\\/wp-content\\\/litespeed\\\/avatar\\\/a8b6da43447ae8e6f024f197b6a97143.jpg?ver=1777281417\",\"caption\":\"Vesa Ronkainen\"},\"url\":\"https:\\\/\\\/www.pallokarhut.fi\\\/lentopallo\\\/author\\\/pakavesa\\\/\"}]}<\/script>\n<!-- \/ Yoast SEO plugin. -->","yoast_head_json":{"title":"Andrea Carasille kahden vuoden jatkosopimus P\u00f6lkkyyn - Pallokarhut, lentopallo","robots":{"index":"index","follow":"follow","max-snippet":"max-snippet:-1","max-image-preview":"max-image-preview:large","max-video-preview":"max-video-preview:-1"},"canonical":"https:\/\/www.pallokarhut.fi\/lentopallo\/andrea-carasille-kahden-vuoden-jatkosopimus-polkkyyn\/","og_locale":"fi_FI","og_type":"article","og_title":"Andrea Carasille kahden vuoden jatkosopimus P\u00f6lkkyyn - Pallokarhut, lentopallo","og_description":"P\u00f6lkky Kuusamo ja Andrea Carasi jatkavat yhteisty\u00f6t\u00e4 \u2013 kahden vuoden jatkosopimus solmittu Kuva\/Photo: Jouni Ronkainen. P\u00f6lkky Kuusamo on solminut kahden vuoden jatkosopimuksen p\u00e4\u00e4valmentaja Andrea Carasin kanssa. Seura on eritt\u00e4in tyytyv\u00e4inen yhteisty\u00f6h\u00f6n t\u00e4h\u00e4n asti, ja jatkosopimus on luonteva askel pitk\u00e4j\u00e4nteisen ja kest\u00e4v\u00e4n menestyksen rakentamisessa. \u2013 &#8221;Andrean ty\u00f6moraali ja asenne ovat olleet koko ajan korkealla tasolla, ja [&hellip;]","og_url":"https:\/\/www.pallokarhut.fi\/lentopallo\/andrea-carasille-kahden-vuoden-jatkosopimus-polkkyyn\/","og_site_name":"Pallokarhut, lentopallo","article_published_time":"2026-01-21T14:56:22+00:00","article_modified_time":"2026-01-21T15:06:42+00:00","og_image":[{"width":1000,"height":1354,"url":"https:\/\/www.pallokarhut.fi\/lentopallo\/wp-content\/uploads\/2026\/01\/Andrea-Carasi-jatkosopimus-Polkkyyn.jpg","type":"image\/jpeg"}],"author":"Vesa Ronkainen","twitter_card":"summary_large_image","twitter_misc":{"Kirjoittanut":"Vesa Ronkainen","Arvioitu lukuaika":"3 minuuttia"},"schema":{"@context":"https:\/\/schema.org","@graph":[{"@type":"Article","@id":"https:\/\/www.pallokarhut.fi\/lentopallo\/andrea-carasille-kahden-vuoden-jatkosopimus-polkkyyn\/#article","isPartOf":{"@id":"https:\/\/www.pallokarhut.fi\/lentopallo\/andrea-carasille-kahden-vuoden-jatkosopimus-polkkyyn\/"},"author":{"name":"Vesa Ronkainen","@id":"https:\/\/www.pallokarhut.fi\/lentopallo\/#\/schema\/person\/ae497b5d0baedd81dc0d5606f595d447"},"headline":"Andrea Carasille kahden vuoden jatkosopimus P\u00f6lkkyyn","datePublished":"2026-01-21T14:56:22+00:00","dateModified":"2026-01-21T15:06:42+00:00","mainEntityOfPage":{"@id":"https:\/\/www.pallokarhut.fi\/lentopallo\/andrea-carasille-kahden-vuoden-jatkosopimus-polkkyyn\/"},"wordCount":429,"image":{"@id":"https:\/\/www.pallokarhut.fi\/lentopallo\/andrea-carasille-kahden-vuoden-jatkosopimus-polkkyyn\/#primaryimage"},"thumbnailUrl":"https:\/\/www.pallokarhut.fi\/lentopallo\/wp-content\/uploads\/2026\/01\/Andrea-Carasi-jatkosopimus-Polkkyyn-756x1024.jpg","articleSection":["Ajankohtaista"],"inLanguage":"fi"},{"@type":"WebPage","@id":"https:\/\/www.pallokarhut.fi\/lentopallo\/andrea-carasille-kahden-vuoden-jatkosopimus-polkkyyn\/","url":"https:\/\/www.pallokarhut.fi\/lentopallo\/andrea-carasille-kahden-vuoden-jatkosopimus-polkkyyn\/","name":"Andrea Carasille kahden vuoden jatkosopimus P\u00f6lkkyyn - Pallokarhut, lentopallo","isPartOf":{"@id":"https:\/\/www.pallokarhut.fi\/lentopallo\/#website"},"primaryImageOfPage":{"@id":"https:\/\/www.pallokarhut.fi\/lentopallo\/andrea-carasille-kahden-vuoden-jatkosopimus-polkkyyn\/#primaryimage"},"image":{"@id":"https:\/\/www.pallokarhut.fi\/lentopallo\/andrea-carasille-kahden-vuoden-jatkosopimus-polkkyyn\/#primaryimage"},"thumbnailUrl":"https:\/\/www.pallokarhut.fi\/lentopallo\/wp-content\/uploads\/2026\/01\/Andrea-Carasi-jatkosopimus-Polkkyyn-756x1024.jpg","datePublished":"2026-01-21T14:56:22+00:00","dateModified":"2026-01-21T15:06:42+00:00","author":{"@id":"https:\/\/www.pallokarhut.fi\/lentopallo\/#\/schema\/person\/ae497b5d0baedd81dc0d5606f595d447"},"breadcrumb":{"@id":"https:\/\/www.pallokarhut.fi\/lentopallo\/andrea-carasille-kahden-vuoden-jatkosopimus-polkkyyn\/#breadcrumb"},"inLanguage":"fi","potentialAction":[{"@type":"ReadAction","target":["https:\/\/www.pallokarhut.fi\/lentopallo\/andrea-carasille-kahden-vuoden-jatkosopimus-polkkyyn\/"]}]},{"@type":"ImageObject","inLanguage":"fi","@id":"https:\/\/www.pallokarhut.fi\/lentopallo\/andrea-carasille-kahden-vuoden-jatkosopimus-polkkyyn\/#primaryimage","url":"https:\/\/www.pallokarhut.fi\/lentopallo\/wp-content\/uploads\/2026\/01\/Andrea-Carasi-jatkosopimus-Polkkyyn.jpg","contentUrl":"https:\/\/www.pallokarhut.fi\/lentopallo\/wp-content\/uploads\/2026\/01\/Andrea-Carasi-jatkosopimus-Polkkyyn.jpg","width":1000,"height":1354},{"@type":"BreadcrumbList","@id":"https:\/\/www.pallokarhut.fi\/lentopallo\/andrea-carasille-kahden-vuoden-jatkosopimus-polkkyyn\/#breadcrumb","itemListElement":[{"@type":"ListItem","position":1,"name":"Etusivu","item":"https:\/\/www.pallokarhut.fi\/lentopallo\/"},{"@type":"ListItem","position":2,"name":"Andrea Carasille kahden vuoden jatkosopimus P\u00f6lkkyyn"}]},{"@type":"WebSite","@id":"https:\/\/www.pallokarhut.fi\/lentopallo\/#website","url":"https:\/\/www.pallokarhut.fi\/lentopallo\/","name":"Pallokarhut, lentopallo","description":"Lentopalloa Kuusamossa","potentialAction":[{"@type":"SearchAction","target":{"@type":"EntryPoint","urlTemplate":"https:\/\/www.pallokarhut.fi\/lentopallo\/?s={search_term_string}"},"query-input":{"@type":"PropertyValueSpecification","valueRequired":true,"valueName":"search_term_string"}}],"inLanguage":"fi"},{"@type":"Person","@id":"https:\/\/www.pallokarhut.fi\/lentopallo\/#\/schema\/person\/ae497b5d0baedd81dc0d5606f595d447","name":"Vesa Ronkainen","image":{"@type":"ImageObject","inLanguage":"fi","@id":"https:\/\/www.pallokarhut.fi\/lentopallo\/wp-content\/litespeed\/avatar\/a8b6da43447ae8e6f024f197b6a97143.jpg?ver=1777281417","url":"https:\/\/www.pallokarhut.fi\/lentopallo\/wp-content\/litespeed\/avatar\/a8b6da43447ae8e6f024f197b6a97143.jpg?ver=1777281417","contentUrl":"https:\/\/www.pallokarhut.fi\/lentopallo\/wp-content\/litespeed\/avatar\/a8b6da43447ae8e6f024f197b6a97143.jpg?ver=1777281417","caption":"Vesa Ronkainen"},"url":"https:\/\/www.pallokarhut.fi\/lentopallo\/author\/pakavesa\/"}]}},"_links":{"self":[{"href":"https:\/\/www.pallokarhut.fi\/lentopallo\/wp-json\/wp\/v2\/posts\/4378","targetHints":{"allow":["GET"]}}],"collection":[{"href":"https:\/\/www.pallokarhut.fi\/lentopallo\/wp-json\/wp\/v2\/posts"}],"about":[{"href":"https:\/\/www.pallokarhut.fi\/lentopallo\/wp-json\/wp\/v2\/types\/post"}],"author":[{"embeddable":true,"href":"https:\/\/www.pallokarhut.fi\/lentopallo\/wp-json\/wp\/v2\/users\/3"}],"replies":[{"embeddable":true,"href":"https:\/\/www.pallokarhut.fi\/lentopallo\/wp-json\/wp\/v2\/comments?post=4378"}],"version-history":[{"count":2,"href":"https:\/\/www.pallokarhut.fi\/lentopallo\/wp-json\/wp\/v2\/posts\/4378\/revisions"}],"predecessor-version":[{"id":4381,"href":"https:\/\/www.pallokarhut.fi\/lentopallo\/wp-json\/wp\/v2\/posts\/4378\/revisions\/4381"}],"wp:attachment":[{"href":"https:\/\/www.pallokarhut.fi\/lentopallo\/wp-json\/wp\/v2\/media?parent=4378"}],"wp:term":[{"taxonomy":"category","embeddable":true,"href":"https:\/\/www.pallokarhut.fi\/lentopallo\/wp-json\/wp\/v2\/categories?post=4378"},{"taxonomy":"post_tag","embeddable":true,"href":"https:\/\/www.pallokarhut.fi\/lentopallo\/wp-json\/wp\/v2\/tags?post=4378"}],"curies":[{"name":"wp","href":"https:\/\/api.w.org\/{rel}","templated":true}]}}