{"id":431,"date":"2016-11-06T19:29:21","date_gmt":"2016-11-06T17:29:21","guid":{"rendered":"http:\/\/www.pallokarhut.fi\/lentopallo\/?p=431"},"modified":"2022-03-15T08:32:19","modified_gmt":"2022-03-15T06:32:19","slug":"polkky-vs-kuortane-8-11-2016-klo-18-30","status":"publish","type":"post","link":"https:\/\/www.pallokarhut.fi\/lentopallo\/polkky-vs-kuortane-8-11-2016-klo-18-30\/","title":{"rendered":"P\u00f6lkky vs. Kuortane 8.11.2016 klo 18.30"},"content":{"rendered":"<p><strong>Kuortaneen maajoukkuetyt\u00f6t avaavat liigakautensa Kuusamossa<\/strong><\/p>\n<p><img decoding=\"async\" class=\" size-full wp-image-430\" src=\"http:\/\/www.pallokarhut.fi\/lentopallo\/wp-content\/uploads\/2016\/11\/Alkulpsyt.jpg\" alt=\"\" width=\"200\" height=\"134\" srcset=\"https:\/\/www.pallokarhut.fi\/lentopallo\/wp-content\/uploads\/2016\/11\/Alkulpsyt.jpg 420w, https:\/\/www.pallokarhut.fi\/lentopallo\/wp-content\/uploads\/2016\/11\/Alkulpsyt-300x200.jpg 300w\" sizes=\"(max-width: 200px) 100vw, 200px\" \/>&nbsp;&nbsp;<br \/>Tytt\u00f6jen maajoukkue aloittaa liigapelit P\u00f6lkky\u00e4 vastaan tiistaina klo 18.30 alkavassa ottelussa. T\u00e4ll\u00e4 kaudella Kuortane pelaa kaikkia liigajoukkueita vastaan yhden koti- ja vieraspelin.<\/p>\n<p><!--more--><\/p>\n<p>P\u00f6lkky ja Kuortane kohtasivat syyskuun alussa Kuusamossa pelatussa turnauksessa kaksi kertaa. Molemmat harjoituspelit p\u00e4\u00e4ttyiv\u00e4t P\u00f6lkyn 3-1 voittoihin, mutta hyvin harjoitelleet tyt\u00f6t esittiv\u00e4t jo kauden alla varsin viihdytt\u00e4v\u00e4\u00e4 lentopalloa.<\/p>\n<p>P\u00f6lkky on voittanut kauden viidest\u00e4 pelist\u00e4\u00e4n nelj\u00e4, joten aika kovan haasteen Kuortane saa tiistaina vastaansa. P\u00f6lkylle on t\u00e4rke\u00e4\u00e4 pysty\u00e4 pit\u00e4m\u00e4\u00e4n pelins\u00e4 omalla tasollaan, mink\u00e4 sai tuntea Pieks\u00e4m\u00e4ki lauantaina kotijoukkueen hy\u00f6kk\u00e4ysmyllytyksess\u00e4 nahoissaan.<\/p>\n<p>Katsojilla riitt\u00e4\u00e4 kotijoukkueen lis\u00e4ksi mielenkiintoista seurattavaa, onhan Kuortaneen joukkueessa Suomen mittakaavassa todellinen suurlupaus, naisten maajoukkueessakin pelaava 16-vuotias, 182 senttinen Suvi Kokkonen. Liberona n\u00e4ht\u00e4neen, samoin 16 vuotias, Lotta Piesasen pikkusisko Milja. Kuortaneen pelaajista vanhimmat ovat 1998 syntyneit\u00e4.<\/p>\n<p>Jaossa on j\u00e4lleen kolme sarjapistett\u00e4 ja P\u00f6lkyll\u00e4 on kotipeleiss\u00e4 etuna se eritt\u00e4in t\u00e4rke\u00e4 seitsem\u00e4s kentt\u00e4pelaaja &#8211; kannustava lentopalloyleis\u00f6. Tervetuloa mukaan viihdytt\u00e4v\u00e4\u00e4n lentopallotunnelmaan!<\/p>\n<p>Kuva: Jaana Paananen.<\/p>\n<p><em>Ottelu: P\u00f6lkky Kuusamo vs. Kuortane<\/em><br \/><em>Pelipaikka: Kuusamon liikuntahalli<\/em><br \/><em>Otteluaika: 8.11.2016 klo 18.30<\/em><\/p>\n","protected":false},"excerpt":{"rendered":"<p>Kuortaneen maajoukkuetyt\u00f6t avaavat liigakautensa Kuusamossa &nbsp;&nbsp;Tytt\u00f6jen maajoukkue aloittaa liigapelit P\u00f6lkky\u00e4 vastaan tiistaina klo 18.30 alkavassa ottelussa. T\u00e4ll\u00e4 kaudella Kuortane pelaa kaikkia liigajoukkueita vastaan yhden koti- ja vieraspelin.<\/p>\n","protected":false},"author":1,"featured_media":430,"comment_status":"closed","ping_status":"open","sticky":false,"template":"","format":"standard","meta":{"footnotes":""},"categories":[19],"tags":[],"class_list":["post-431","post","type-post","status-publish","format-standard","has-post-thumbnail","hentry","category-ajankohtaista"],"yoast_head":"<!-- This site is optimized with the Yoast SEO plugin v27.4 - https:\/\/yoast.com\/product\/yoast-seo-wordpress\/ -->\n<title>P\u00f6lkky vs. Kuortane 8.11.2016 klo 18.30 - Pallokarhut, lentopallo<\/title>\n<meta name=\"robots\" content=\"index, follow, max-snippet:-1, max-image-preview:large, max-video-preview:-1\" \/>\n<link rel=\"canonical\" href=\"https:\/\/www.pallokarhut.fi\/lentopallo\/polkky-vs-kuortane-8-11-2016-klo-18-30\/\" \/>\n<meta property=\"og:locale\" content=\"fi_FI\" \/>\n<meta property=\"og:type\" content=\"article\" \/>\n<meta property=\"og:title\" content=\"P\u00f6lkky vs. Kuortane 8.11.2016 klo 18.30 - Pallokarhut, lentopallo\" \/>\n<meta property=\"og:description\" content=\"Kuortaneen maajoukkuetyt\u00f6t avaavat liigakautensa Kuusamossa &nbsp;&nbsp;Tytt\u00f6jen maajoukkue aloittaa liigapelit P\u00f6lkky\u00e4 vastaan tiistaina klo 18.30 alkavassa ottelussa. T\u00e4ll\u00e4 kaudella Kuortane pelaa kaikkia liigajoukkueita vastaan yhden koti- ja vieraspelin.\" \/>\n<meta property=\"og:url\" content=\"https:\/\/www.pallokarhut.fi\/lentopallo\/polkky-vs-kuortane-8-11-2016-klo-18-30\/\" \/>\n<meta property=\"og:site_name\" content=\"Pallokarhut, lentopallo\" \/>\n<meta property=\"article:published_time\" content=\"2016-11-06T17:29:21+00:00\" \/>\n<meta property=\"article:modified_time\" content=\"2022-03-15T06:32:19+00:00\" \/>\n<meta property=\"og:image\" content=\"https:\/\/www.pallokarhut.fi\/lentopallo\/wp-content\/uploads\/2016\/11\/Alkulpsyt.jpg\" \/>\n\t<meta property=\"og:image:width\" content=\"420\" \/>\n\t<meta property=\"og:image:height\" content=\"280\" \/>\n\t<meta property=\"og:image:type\" content=\"image\/jpeg\" \/>\n<meta name=\"author\" content=\"davas_saara\" \/>\n<meta name=\"twitter:card\" content=\"summary_large_image\" \/>\n<meta name=\"twitter:label1\" content=\"Kirjoittanut\" \/>\n\t<meta name=\"twitter:data1\" content=\"davas_saara\" \/>\n\t<meta name=\"twitter:label2\" content=\"Arvioitu lukuaika\" \/>\n\t<meta name=\"twitter:data2\" content=\"1 minuutti\" \/>\n<script type=\"application\/ld+json\" class=\"yoast-schema-graph\">{\"@context\":\"https:\\\/\\\/schema.org\",\"@graph\":[{\"@type\":\"Article\",\"@id\":\"https:\\\/\\\/www.pallokarhut.fi\\\/lentopallo\\\/polkky-vs-kuortane-8-11-2016-klo-18-30\\\/#article\",\"isPartOf\":{\"@id\":\"https:\\\/\\\/www.pallokarhut.fi\\\/lentopallo\\\/polkky-vs-kuortane-8-11-2016-klo-18-30\\\/\"},\"author\":{\"name\":\"davas_saara\",\"@id\":\"https:\\\/\\\/www.pallokarhut.fi\\\/lentopallo\\\/#\\\/schema\\\/person\\\/fe82638390c9ef8ff03f1a83186bf53f\"},\"headline\":\"P\u00f6lkky vs. Kuortane 8.11.2016 klo 18.30\",\"datePublished\":\"2016-11-06T17:29:21+00:00\",\"dateModified\":\"2022-03-15T06:32:19+00:00\",\"mainEntityOfPage\":{\"@id\":\"https:\\\/\\\/www.pallokarhut.fi\\\/lentopallo\\\/polkky-vs-kuortane-8-11-2016-klo-18-30\\\/\"},\"wordCount\":193,\"image\":{\"@id\":\"https:\\\/\\\/www.pallokarhut.fi\\\/lentopallo\\\/polkky-vs-kuortane-8-11-2016-klo-18-30\\\/#primaryimage\"},\"thumbnailUrl\":\"https:\\\/\\\/www.pallokarhut.fi\\\/lentopallo\\\/wp-content\\\/uploads\\\/2016\\\/11\\\/Alkulpsyt.jpg\",\"articleSection\":[\"Ajankohtaista\"],\"inLanguage\":\"fi\"},{\"@type\":\"WebPage\",\"@id\":\"https:\\\/\\\/www.pallokarhut.fi\\\/lentopallo\\\/polkky-vs-kuortane-8-11-2016-klo-18-30\\\/\",\"url\":\"https:\\\/\\\/www.pallokarhut.fi\\\/lentopallo\\\/polkky-vs-kuortane-8-11-2016-klo-18-30\\\/\",\"name\":\"P\u00f6lkky vs. Kuortane 8.11.2016 klo 18.30 - Pallokarhut, lentopallo\",\"isPartOf\":{\"@id\":\"https:\\\/\\\/www.pallokarhut.fi\\\/lentopallo\\\/#website\"},\"primaryImageOfPage\":{\"@id\":\"https:\\\/\\\/www.pallokarhut.fi\\\/lentopallo\\\/polkky-vs-kuortane-8-11-2016-klo-18-30\\\/#primaryimage\"},\"image\":{\"@id\":\"https:\\\/\\\/www.pallokarhut.fi\\\/lentopallo\\\/polkky-vs-kuortane-8-11-2016-klo-18-30\\\/#primaryimage\"},\"thumbnailUrl\":\"https:\\\/\\\/www.pallokarhut.fi\\\/lentopallo\\\/wp-content\\\/uploads\\\/2016\\\/11\\\/Alkulpsyt.jpg\",\"datePublished\":\"2016-11-06T17:29:21+00:00\",\"dateModified\":\"2022-03-15T06:32:19+00:00\",\"author\":{\"@id\":\"https:\\\/\\\/www.pallokarhut.fi\\\/lentopallo\\\/#\\\/schema\\\/person\\\/fe82638390c9ef8ff03f1a83186bf53f\"},\"breadcrumb\":{\"@id\":\"https:\\\/\\\/www.pallokarhut.fi\\\/lentopallo\\\/polkky-vs-kuortane-8-11-2016-klo-18-30\\\/#breadcrumb\"},\"inLanguage\":\"fi\",\"potentialAction\":[{\"@type\":\"ReadAction\",\"target\":[\"https:\\\/\\\/www.pallokarhut.fi\\\/lentopallo\\\/polkky-vs-kuortane-8-11-2016-klo-18-30\\\/\"]}]},{\"@type\":\"ImageObject\",\"inLanguage\":\"fi\",\"@id\":\"https:\\\/\\\/www.pallokarhut.fi\\\/lentopallo\\\/polkky-vs-kuortane-8-11-2016-klo-18-30\\\/#primaryimage\",\"url\":\"https:\\\/\\\/www.pallokarhut.fi\\\/lentopallo\\\/wp-content\\\/uploads\\\/2016\\\/11\\\/Alkulpsyt.jpg\",\"contentUrl\":\"https:\\\/\\\/www.pallokarhut.fi\\\/lentopallo\\\/wp-content\\\/uploads\\\/2016\\\/11\\\/Alkulpsyt.jpg\",\"width\":420,\"height\":280},{\"@type\":\"BreadcrumbList\",\"@id\":\"https:\\\/\\\/www.pallokarhut.fi\\\/lentopallo\\\/polkky-vs-kuortane-8-11-2016-klo-18-30\\\/#breadcrumb\",\"itemListElement\":[{\"@type\":\"ListItem\",\"position\":1,\"name\":\"Etusivu\",\"item\":\"https:\\\/\\\/www.pallokarhut.fi\\\/lentopallo\\\/\"},{\"@type\":\"ListItem\",\"position\":2,\"name\":\"P\u00f6lkky vs. Kuortane 8.11.2016 klo 18.30\"}]},{\"@type\":\"WebSite\",\"@id\":\"https:\\\/\\\/www.pallokarhut.fi\\\/lentopallo\\\/#website\",\"url\":\"https:\\\/\\\/www.pallokarhut.fi\\\/lentopallo\\\/\",\"name\":\"Pallokarhut, lentopallo\",\"description\":\"Lentopalloa Kuusamossa\",\"potentialAction\":[{\"@type\":\"SearchAction\",\"target\":{\"@type\":\"EntryPoint\",\"urlTemplate\":\"https:\\\/\\\/www.pallokarhut.fi\\\/lentopallo\\\/?s={search_term_string}\"},\"query-input\":{\"@type\":\"PropertyValueSpecification\",\"valueRequired\":true,\"valueName\":\"search_term_string\"}}],\"inLanguage\":\"fi\"},{\"@type\":\"Person\",\"@id\":\"https:\\\/\\\/www.pallokarhut.fi\\\/lentopallo\\\/#\\\/schema\\\/person\\\/fe82638390c9ef8ff03f1a83186bf53f\",\"name\":\"davas_saara\",\"image\":{\"@type\":\"ImageObject\",\"inLanguage\":\"fi\",\"@id\":\"https:\\\/\\\/www.pallokarhut.fi\\\/lentopallo\\\/wp-content\\\/litespeed\\\/avatar\\\/f849348f62390ab4d6a206dcd61f5771.jpg?ver=1777282058\",\"url\":\"https:\\\/\\\/www.pallokarhut.fi\\\/lentopallo\\\/wp-content\\\/litespeed\\\/avatar\\\/f849348f62390ab4d6a206dcd61f5771.jpg?ver=1777282058\",\"contentUrl\":\"https:\\\/\\\/www.pallokarhut.fi\\\/lentopallo\\\/wp-content\\\/litespeed\\\/avatar\\\/f849348f62390ab4d6a206dcd61f5771.jpg?ver=1777282058\",\"caption\":\"davas_saara\"},\"sameAs\":[\"http:\\\/\\\/www.pallokarhut.fi\\\/lentopallo\"],\"url\":\"https:\\\/\\\/www.pallokarhut.fi\\\/lentopallo\\\/author\\\/davas_saara\\\/\"}]}<\/script>\n<!-- \/ Yoast SEO plugin. -->","yoast_head_json":{"title":"P\u00f6lkky vs. Kuortane 8.11.2016 klo 18.30 - Pallokarhut, lentopallo","robots":{"index":"index","follow":"follow","max-snippet":"max-snippet:-1","max-image-preview":"max-image-preview:large","max-video-preview":"max-video-preview:-1"},"canonical":"https:\/\/www.pallokarhut.fi\/lentopallo\/polkky-vs-kuortane-8-11-2016-klo-18-30\/","og_locale":"fi_FI","og_type":"article","og_title":"P\u00f6lkky vs. Kuortane 8.11.2016 klo 18.30 - Pallokarhut, lentopallo","og_description":"Kuortaneen maajoukkuetyt\u00f6t avaavat liigakautensa Kuusamossa &nbsp;&nbsp;Tytt\u00f6jen maajoukkue aloittaa liigapelit P\u00f6lkky\u00e4 vastaan tiistaina klo 18.30 alkavassa ottelussa. T\u00e4ll\u00e4 kaudella Kuortane pelaa kaikkia liigajoukkueita vastaan yhden koti- ja vieraspelin.","og_url":"https:\/\/www.pallokarhut.fi\/lentopallo\/polkky-vs-kuortane-8-11-2016-klo-18-30\/","og_site_name":"Pallokarhut, lentopallo","article_published_time":"2016-11-06T17:29:21+00:00","article_modified_time":"2022-03-15T06:32:19+00:00","og_image":[{"width":420,"height":280,"url":"https:\/\/www.pallokarhut.fi\/lentopallo\/wp-content\/uploads\/2016\/11\/Alkulpsyt.jpg","type":"image\/jpeg"}],"author":"davas_saara","twitter_card":"summary_large_image","twitter_misc":{"Kirjoittanut":"davas_saara","Arvioitu lukuaika":"1 minuutti"},"schema":{"@context":"https:\/\/schema.org","@graph":[{"@type":"Article","@id":"https:\/\/www.pallokarhut.fi\/lentopallo\/polkky-vs-kuortane-8-11-2016-klo-18-30\/#article","isPartOf":{"@id":"https:\/\/www.pallokarhut.fi\/lentopallo\/polkky-vs-kuortane-8-11-2016-klo-18-30\/"},"author":{"name":"davas_saara","@id":"https:\/\/www.pallokarhut.fi\/lentopallo\/#\/schema\/person\/fe82638390c9ef8ff03f1a83186bf53f"},"headline":"P\u00f6lkky vs. Kuortane 8.11.2016 klo 18.30","datePublished":"2016-11-06T17:29:21+00:00","dateModified":"2022-03-15T06:32:19+00:00","mainEntityOfPage":{"@id":"https:\/\/www.pallokarhut.fi\/lentopallo\/polkky-vs-kuortane-8-11-2016-klo-18-30\/"},"wordCount":193,"image":{"@id":"https:\/\/www.pallokarhut.fi\/lentopallo\/polkky-vs-kuortane-8-11-2016-klo-18-30\/#primaryimage"},"thumbnailUrl":"https:\/\/www.pallokarhut.fi\/lentopallo\/wp-content\/uploads\/2016\/11\/Alkulpsyt.jpg","articleSection":["Ajankohtaista"],"inLanguage":"fi"},{"@type":"WebPage","@id":"https:\/\/www.pallokarhut.fi\/lentopallo\/polkky-vs-kuortane-8-11-2016-klo-18-30\/","url":"https:\/\/www.pallokarhut.fi\/lentopallo\/polkky-vs-kuortane-8-11-2016-klo-18-30\/","name":"P\u00f6lkky vs. Kuortane 8.11.2016 klo 18.30 - Pallokarhut, lentopallo","isPartOf":{"@id":"https:\/\/www.pallokarhut.fi\/lentopallo\/#website"},"primaryImageOfPage":{"@id":"https:\/\/www.pallokarhut.fi\/lentopallo\/polkky-vs-kuortane-8-11-2016-klo-18-30\/#primaryimage"},"image":{"@id":"https:\/\/www.pallokarhut.fi\/lentopallo\/polkky-vs-kuortane-8-11-2016-klo-18-30\/#primaryimage"},"thumbnailUrl":"https:\/\/www.pallokarhut.fi\/lentopallo\/wp-content\/uploads\/2016\/11\/Alkulpsyt.jpg","datePublished":"2016-11-06T17:29:21+00:00","dateModified":"2022-03-15T06:32:19+00:00","author":{"@id":"https:\/\/www.pallokarhut.fi\/lentopallo\/#\/schema\/person\/fe82638390c9ef8ff03f1a83186bf53f"},"breadcrumb":{"@id":"https:\/\/www.pallokarhut.fi\/lentopallo\/polkky-vs-kuortane-8-11-2016-klo-18-30\/#breadcrumb"},"inLanguage":"fi","potentialAction":[{"@type":"ReadAction","target":["https:\/\/www.pallokarhut.fi\/lentopallo\/polkky-vs-kuortane-8-11-2016-klo-18-30\/"]}]},{"@type":"ImageObject","inLanguage":"fi","@id":"https:\/\/www.pallokarhut.fi\/lentopallo\/polkky-vs-kuortane-8-11-2016-klo-18-30\/#primaryimage","url":"https:\/\/www.pallokarhut.fi\/lentopallo\/wp-content\/uploads\/2016\/11\/Alkulpsyt.jpg","contentUrl":"https:\/\/www.pallokarhut.fi\/lentopallo\/wp-content\/uploads\/2016\/11\/Alkulpsyt.jpg","width":420,"height":280},{"@type":"BreadcrumbList","@id":"https:\/\/www.pallokarhut.fi\/lentopallo\/polkky-vs-kuortane-8-11-2016-klo-18-30\/#breadcrumb","itemListElement":[{"@type":"ListItem","position":1,"name":"Etusivu","item":"https:\/\/www.pallokarhut.fi\/lentopallo\/"},{"@type":"ListItem","position":2,"name":"P\u00f6lkky vs. Kuortane 8.11.2016 klo 18.30"}]},{"@type":"WebSite","@id":"https:\/\/www.pallokarhut.fi\/lentopallo\/#website","url":"https:\/\/www.pallokarhut.fi\/lentopallo\/","name":"Pallokarhut, lentopallo","description":"Lentopalloa Kuusamossa","potentialAction":[{"@type":"SearchAction","target":{"@type":"EntryPoint","urlTemplate":"https:\/\/www.pallokarhut.fi\/lentopallo\/?s={search_term_string}"},"query-input":{"@type":"PropertyValueSpecification","valueRequired":true,"valueName":"search_term_string"}}],"inLanguage":"fi"},{"@type":"Person","@id":"https:\/\/www.pallokarhut.fi\/lentopallo\/#\/schema\/person\/fe82638390c9ef8ff03f1a83186bf53f","name":"davas_saara","image":{"@type":"ImageObject","inLanguage":"fi","@id":"https:\/\/www.pallokarhut.fi\/lentopallo\/wp-content\/litespeed\/avatar\/f849348f62390ab4d6a206dcd61f5771.jpg?ver=1777282058","url":"https:\/\/www.pallokarhut.fi\/lentopallo\/wp-content\/litespeed\/avatar\/f849348f62390ab4d6a206dcd61f5771.jpg?ver=1777282058","contentUrl":"https:\/\/www.pallokarhut.fi\/lentopallo\/wp-content\/litespeed\/avatar\/f849348f62390ab4d6a206dcd61f5771.jpg?ver=1777282058","caption":"davas_saara"},"sameAs":["http:\/\/www.pallokarhut.fi\/lentopallo"],"url":"https:\/\/www.pallokarhut.fi\/lentopallo\/author\/davas_saara\/"}]}},"_links":{"self":[{"href":"https:\/\/www.pallokarhut.fi\/lentopallo\/wp-json\/wp\/v2\/posts\/431","targetHints":{"allow":["GET"]}}],"collection":[{"href":"https:\/\/www.pallokarhut.fi\/lentopallo\/wp-json\/wp\/v2\/posts"}],"about":[{"href":"https:\/\/www.pallokarhut.fi\/lentopallo\/wp-json\/wp\/v2\/types\/post"}],"author":[{"embeddable":true,"href":"https:\/\/www.pallokarhut.fi\/lentopallo\/wp-json\/wp\/v2\/users\/1"}],"replies":[{"embeddable":true,"href":"https:\/\/www.pallokarhut.fi\/lentopallo\/wp-json\/wp\/v2\/comments?post=431"}],"version-history":[{"count":1,"href":"https:\/\/www.pallokarhut.fi\/lentopallo\/wp-json\/wp\/v2\/posts\/431\/revisions"}],"predecessor-version":[{"id":1616,"href":"https:\/\/www.pallokarhut.fi\/lentopallo\/wp-json\/wp\/v2\/posts\/431\/revisions\/1616"}],"wp:featuredmedia":[{"embeddable":true,"href":"https:\/\/www.pallokarhut.fi\/lentopallo\/wp-json\/wp\/v2\/media\/430"}],"wp:attachment":[{"href":"https:\/\/www.pallokarhut.fi\/lentopallo\/wp-json\/wp\/v2\/media?parent=431"}],"wp:term":[{"taxonomy":"category","embeddable":true,"href":"https:\/\/www.pallokarhut.fi\/lentopallo\/wp-json\/wp\/v2\/categories?post=431"},{"taxonomy":"post_tag","embeddable":true,"href":"https:\/\/www.pallokarhut.fi\/lentopallo\/wp-json\/wp\/v2\/tags?post=431"}],"curies":[{"name":"wp","href":"https:\/\/api.w.org\/{rel}","templated":true}]}}