{"id":2369,"date":"2022-08-28T18:50:26","date_gmt":"2022-08-28T15:50:26","guid":{"rendered":"https:\/\/www.pallokarhut.fi\/lentopallo\/?p=2369"},"modified":"2022-08-28T18:50:28","modified_gmt":"2022-08-28T15:50:28","slug":"lentisjunnujen-syksy-on-startannut","status":"publish","type":"post","link":"https:\/\/www.pallokarhut.fi\/lentopallo\/lentisjunnujen-syksy-on-startannut\/","title":{"rendered":"Lentisjunnujen syksy on startannut"},"content":{"rendered":"\n<p>Lentopallojunnujen syksyn harjoitukset ovat alkaneet iloisissa tunnelmissa. Saleilla on vilissyt vanhojen kasvojen lis\u00e4ksi my\u00f6s uusia innokkaita harrastajia.<\/p>\n\n\n\n<p>Pallo-Karhujen nuorimmat eli tiikerit ja F-juniorit aloittavat kautensa muita my\u00f6hemmin syyskuun 5. p\u00e4iv\u00e4, joten mukaan ehtii viel\u00e4 helposti.<\/p>\n\n\n\n<figure class=\"wp-block-image size-large\"><img decoding=\"async\" width=\"1024\" height=\"1024\" src=\"https:\/\/www.pallokarhut.fi\/lentopallo\/wp-content\/uploads\/2022\/08\/InCollage_20220809_171827494-1-1024x1024.jpg\" alt=\"\" class=\"wp-image-2371\" srcset=\"https:\/\/www.pallokarhut.fi\/lentopallo\/wp-content\/uploads\/2022\/08\/InCollage_20220809_171827494-1-1024x1024.jpg 1024w, https:\/\/www.pallokarhut.fi\/lentopallo\/wp-content\/uploads\/2022\/08\/InCollage_20220809_171827494-1-300x300.jpg 300w, https:\/\/www.pallokarhut.fi\/lentopallo\/wp-content\/uploads\/2022\/08\/InCollage_20220809_171827494-1-150x150.jpg 150w, https:\/\/www.pallokarhut.fi\/lentopallo\/wp-content\/uploads\/2022\/08\/InCollage_20220809_171827494-1-768x768.jpg 768w, https:\/\/www.pallokarhut.fi\/lentopallo\/wp-content\/uploads\/2022\/08\/InCollage_20220809_171827494-1-1536x1536.jpg 1536w, https:\/\/www.pallokarhut.fi\/lentopallo\/wp-content\/uploads\/2022\/08\/InCollage_20220809_171827494-1-2048x2048.jpg 2048w\" sizes=\"(max-width: 1024px) 100vw, 1024px\" \/><\/figure>\n\n\n\n<figure class=\"wp-block-image size-large\"><img decoding=\"async\" width=\"768\" height=\"1024\" src=\"https:\/\/www.pallokarhut.fi\/lentopallo\/wp-content\/uploads\/2022\/08\/20220124_182609-768x1024.jpg\" alt=\"\" class=\"wp-image-2372\" srcset=\"https:\/\/www.pallokarhut.fi\/lentopallo\/wp-content\/uploads\/2022\/08\/20220124_182609-768x1024.jpg 768w, https:\/\/www.pallokarhut.fi\/lentopallo\/wp-content\/uploads\/2022\/08\/20220124_182609-225x300.jpg 225w, https:\/\/www.pallokarhut.fi\/lentopallo\/wp-content\/uploads\/2022\/08\/20220124_182609-1152x1536.jpg 1152w, https:\/\/www.pallokarhut.fi\/lentopallo\/wp-content\/uploads\/2022\/08\/20220124_182609-1536x2048.jpg 1536w, https:\/\/www.pallokarhut.fi\/lentopallo\/wp-content\/uploads\/2022\/08\/20220124_182609-scaled.jpg 1920w\" sizes=\"(max-width: 768px) 100vw, 768px\" \/><\/figure>\n","protected":false},"excerpt":{"rendered":"<p>Lentopallojunnujen syksyn harjoitukset ovat alkaneet iloisissa tunnelmissa. Saleilla on vilissyt vanhojen kasvojen lis\u00e4ksi my\u00f6s uusia innokkaita harrastajia. Pallo-Karhujen nuorimmat eli tiikerit ja F-juniorit aloittavat kautensa muita my\u00f6hemmin syyskuun 5. p\u00e4iv\u00e4, joten mukaan ehtii viel\u00e4 helposti.<\/p>\n","protected":false},"author":4,"featured_media":0,"comment_status":"open","ping_status":"open","sticky":false,"template":"","format":"standard","meta":{"footnotes":""},"categories":[14],"tags":[],"class_list":["post-2369","post","type-post","status-publish","format-standard","hentry","category-uutiset-juniorit"],"yoast_head":"<!-- This site is optimized with the Yoast SEO plugin v27.4 - https:\/\/yoast.com\/product\/yoast-seo-wordpress\/ -->\n<title>Lentisjunnujen syksy on startannut - Pallokarhut, lentopallo<\/title>\n<meta name=\"robots\" content=\"index, follow, max-snippet:-1, max-image-preview:large, max-video-preview:-1\" \/>\n<link rel=\"canonical\" href=\"https:\/\/www.pallokarhut.fi\/lentopallo\/lentisjunnujen-syksy-on-startannut\/\" \/>\n<meta property=\"og:locale\" content=\"fi_FI\" \/>\n<meta property=\"og:type\" content=\"article\" \/>\n<meta property=\"og:title\" content=\"Lentisjunnujen syksy on startannut - Pallokarhut, lentopallo\" \/>\n<meta property=\"og:description\" content=\"Lentopallojunnujen syksyn harjoitukset ovat alkaneet iloisissa tunnelmissa. Saleilla on vilissyt vanhojen kasvojen lis\u00e4ksi my\u00f6s uusia innokkaita harrastajia. Pallo-Karhujen nuorimmat eli tiikerit ja F-juniorit aloittavat kautensa muita my\u00f6hemmin syyskuun 5. p\u00e4iv\u00e4, joten mukaan ehtii viel\u00e4 helposti.\" \/>\n<meta property=\"og:url\" content=\"https:\/\/www.pallokarhut.fi\/lentopallo\/lentisjunnujen-syksy-on-startannut\/\" \/>\n<meta property=\"og:site_name\" content=\"Pallokarhut, lentopallo\" \/>\n<meta property=\"article:published_time\" content=\"2022-08-28T15:50:26+00:00\" \/>\n<meta property=\"article:modified_time\" content=\"2022-08-28T15:50:28+00:00\" \/>\n<meta property=\"og:image\" content=\"https:\/\/www.pallokarhut.fi\/lentopallo\/wp-content\/uploads\/2022\/08\/InCollage_20220809_171827494-1-1024x1024.jpg\" \/>\n<meta name=\"author\" content=\"Jarmo Korva\" \/>\n<meta name=\"twitter:card\" content=\"summary_large_image\" \/>\n<meta name=\"twitter:label1\" content=\"Kirjoittanut\" \/>\n\t<meta name=\"twitter:data1\" content=\"Jarmo Korva\" \/>\n\t<meta name=\"twitter:label2\" content=\"Arvioitu lukuaika\" \/>\n\t<meta name=\"twitter:data2\" content=\"1 minuutti\" \/>\n<script type=\"application\/ld+json\" class=\"yoast-schema-graph\">{\"@context\":\"https:\\\/\\\/schema.org\",\"@graph\":[{\"@type\":\"Article\",\"@id\":\"https:\\\/\\\/www.pallokarhut.fi\\\/lentopallo\\\/lentisjunnujen-syksy-on-startannut\\\/#article\",\"isPartOf\":{\"@id\":\"https:\\\/\\\/www.pallokarhut.fi\\\/lentopallo\\\/lentisjunnujen-syksy-on-startannut\\\/\"},\"author\":{\"name\":\"Jarmo Korva\",\"@id\":\"https:\\\/\\\/www.pallokarhut.fi\\\/lentopallo\\\/#\\\/schema\\\/person\\\/8504034435053eaea8e49c1fe227825f\"},\"headline\":\"Lentisjunnujen syksy on startannut\",\"datePublished\":\"2022-08-28T15:50:26+00:00\",\"dateModified\":\"2022-08-28T15:50:28+00:00\",\"mainEntityOfPage\":{\"@id\":\"https:\\\/\\\/www.pallokarhut.fi\\\/lentopallo\\\/lentisjunnujen-syksy-on-startannut\\\/\"},\"wordCount\":42,\"commentCount\":0,\"image\":{\"@id\":\"https:\\\/\\\/www.pallokarhut.fi\\\/lentopallo\\\/lentisjunnujen-syksy-on-startannut\\\/#primaryimage\"},\"thumbnailUrl\":\"https:\\\/\\\/www.pallokarhut.fi\\\/lentopallo\\\/wp-content\\\/uploads\\\/2022\\\/08\\\/InCollage_20220809_171827494-1-1024x1024.jpg\",\"articleSection\":[\"Uutiset - Juniorit\"],\"inLanguage\":\"fi\",\"potentialAction\":[{\"@type\":\"CommentAction\",\"name\":\"Comment\",\"target\":[\"https:\\\/\\\/www.pallokarhut.fi\\\/lentopallo\\\/lentisjunnujen-syksy-on-startannut\\\/#respond\"]}]},{\"@type\":\"WebPage\",\"@id\":\"https:\\\/\\\/www.pallokarhut.fi\\\/lentopallo\\\/lentisjunnujen-syksy-on-startannut\\\/\",\"url\":\"https:\\\/\\\/www.pallokarhut.fi\\\/lentopallo\\\/lentisjunnujen-syksy-on-startannut\\\/\",\"name\":\"Lentisjunnujen syksy on startannut - Pallokarhut, lentopallo\",\"isPartOf\":{\"@id\":\"https:\\\/\\\/www.pallokarhut.fi\\\/lentopallo\\\/#website\"},\"primaryImageOfPage\":{\"@id\":\"https:\\\/\\\/www.pallokarhut.fi\\\/lentopallo\\\/lentisjunnujen-syksy-on-startannut\\\/#primaryimage\"},\"image\":{\"@id\":\"https:\\\/\\\/www.pallokarhut.fi\\\/lentopallo\\\/lentisjunnujen-syksy-on-startannut\\\/#primaryimage\"},\"thumbnailUrl\":\"https:\\\/\\\/www.pallokarhut.fi\\\/lentopallo\\\/wp-content\\\/uploads\\\/2022\\\/08\\\/InCollage_20220809_171827494-1-1024x1024.jpg\",\"datePublished\":\"2022-08-28T15:50:26+00:00\",\"dateModified\":\"2022-08-28T15:50:28+00:00\",\"author\":{\"@id\":\"https:\\\/\\\/www.pallokarhut.fi\\\/lentopallo\\\/#\\\/schema\\\/person\\\/8504034435053eaea8e49c1fe227825f\"},\"breadcrumb\":{\"@id\":\"https:\\\/\\\/www.pallokarhut.fi\\\/lentopallo\\\/lentisjunnujen-syksy-on-startannut\\\/#breadcrumb\"},\"inLanguage\":\"fi\",\"potentialAction\":[{\"@type\":\"ReadAction\",\"target\":[\"https:\\\/\\\/www.pallokarhut.fi\\\/lentopallo\\\/lentisjunnujen-syksy-on-startannut\\\/\"]}]},{\"@type\":\"ImageObject\",\"inLanguage\":\"fi\",\"@id\":\"https:\\\/\\\/www.pallokarhut.fi\\\/lentopallo\\\/lentisjunnujen-syksy-on-startannut\\\/#primaryimage\",\"url\":\"https:\\\/\\\/www.pallokarhut.fi\\\/lentopallo\\\/wp-content\\\/uploads\\\/2022\\\/08\\\/InCollage_20220809_171827494-1-1024x1024.jpg\",\"contentUrl\":\"https:\\\/\\\/www.pallokarhut.fi\\\/lentopallo\\\/wp-content\\\/uploads\\\/2022\\\/08\\\/InCollage_20220809_171827494-1-1024x1024.jpg\"},{\"@type\":\"BreadcrumbList\",\"@id\":\"https:\\\/\\\/www.pallokarhut.fi\\\/lentopallo\\\/lentisjunnujen-syksy-on-startannut\\\/#breadcrumb\",\"itemListElement\":[{\"@type\":\"ListItem\",\"position\":1,\"name\":\"Etusivu\",\"item\":\"https:\\\/\\\/www.pallokarhut.fi\\\/lentopallo\\\/\"},{\"@type\":\"ListItem\",\"position\":2,\"name\":\"Lentisjunnujen syksy on startannut\"}]},{\"@type\":\"WebSite\",\"@id\":\"https:\\\/\\\/www.pallokarhut.fi\\\/lentopallo\\\/#website\",\"url\":\"https:\\\/\\\/www.pallokarhut.fi\\\/lentopallo\\\/\",\"name\":\"Pallokarhut, lentopallo\",\"description\":\"Lentopalloa Kuusamossa\",\"potentialAction\":[{\"@type\":\"SearchAction\",\"target\":{\"@type\":\"EntryPoint\",\"urlTemplate\":\"https:\\\/\\\/www.pallokarhut.fi\\\/lentopallo\\\/?s={search_term_string}\"},\"query-input\":{\"@type\":\"PropertyValueSpecification\",\"valueRequired\":true,\"valueName\":\"search_term_string\"}}],\"inLanguage\":\"fi\"},{\"@type\":\"Person\",\"@id\":\"https:\\\/\\\/www.pallokarhut.fi\\\/lentopallo\\\/#\\\/schema\\\/person\\\/8504034435053eaea8e49c1fe227825f\",\"name\":\"Jarmo Korva\",\"image\":{\"@type\":\"ImageObject\",\"inLanguage\":\"fi\",\"@id\":\"https:\\\/\\\/www.pallokarhut.fi\\\/lentopallo\\\/wp-content\\\/litespeed\\\/avatar\\\/887b22a0f770dc51f2b6de6d20774ba8.jpg?ver=1777525553\",\"url\":\"https:\\\/\\\/www.pallokarhut.fi\\\/lentopallo\\\/wp-content\\\/litespeed\\\/avatar\\\/887b22a0f770dc51f2b6de6d20774ba8.jpg?ver=1777525553\",\"contentUrl\":\"https:\\\/\\\/www.pallokarhut.fi\\\/lentopallo\\\/wp-content\\\/litespeed\\\/avatar\\\/887b22a0f770dc51f2b6de6d20774ba8.jpg?ver=1777525553\",\"caption\":\"Jarmo Korva\"},\"url\":\"https:\\\/\\\/www.pallokarhut.fi\\\/lentopallo\\\/author\\\/pakajarmo\\\/\"}]}<\/script>\n<!-- \/ Yoast SEO plugin. -->","yoast_head_json":{"title":"Lentisjunnujen syksy on startannut - Pallokarhut, lentopallo","robots":{"index":"index","follow":"follow","max-snippet":"max-snippet:-1","max-image-preview":"max-image-preview:large","max-video-preview":"max-video-preview:-1"},"canonical":"https:\/\/www.pallokarhut.fi\/lentopallo\/lentisjunnujen-syksy-on-startannut\/","og_locale":"fi_FI","og_type":"article","og_title":"Lentisjunnujen syksy on startannut - Pallokarhut, lentopallo","og_description":"Lentopallojunnujen syksyn harjoitukset ovat alkaneet iloisissa tunnelmissa. Saleilla on vilissyt vanhojen kasvojen lis\u00e4ksi my\u00f6s uusia innokkaita harrastajia. Pallo-Karhujen nuorimmat eli tiikerit ja F-juniorit aloittavat kautensa muita my\u00f6hemmin syyskuun 5. p\u00e4iv\u00e4, joten mukaan ehtii viel\u00e4 helposti.","og_url":"https:\/\/www.pallokarhut.fi\/lentopallo\/lentisjunnujen-syksy-on-startannut\/","og_site_name":"Pallokarhut, lentopallo","article_published_time":"2022-08-28T15:50:26+00:00","article_modified_time":"2022-08-28T15:50:28+00:00","og_image":[{"url":"https:\/\/www.pallokarhut.fi\/lentopallo\/wp-content\/uploads\/2022\/08\/InCollage_20220809_171827494-1-1024x1024.jpg","type":"","width":"","height":""}],"author":"Jarmo Korva","twitter_card":"summary_large_image","twitter_misc":{"Kirjoittanut":"Jarmo Korva","Arvioitu lukuaika":"1 minuutti"},"schema":{"@context":"https:\/\/schema.org","@graph":[{"@type":"Article","@id":"https:\/\/www.pallokarhut.fi\/lentopallo\/lentisjunnujen-syksy-on-startannut\/#article","isPartOf":{"@id":"https:\/\/www.pallokarhut.fi\/lentopallo\/lentisjunnujen-syksy-on-startannut\/"},"author":{"name":"Jarmo Korva","@id":"https:\/\/www.pallokarhut.fi\/lentopallo\/#\/schema\/person\/8504034435053eaea8e49c1fe227825f"},"headline":"Lentisjunnujen syksy on startannut","datePublished":"2022-08-28T15:50:26+00:00","dateModified":"2022-08-28T15:50:28+00:00","mainEntityOfPage":{"@id":"https:\/\/www.pallokarhut.fi\/lentopallo\/lentisjunnujen-syksy-on-startannut\/"},"wordCount":42,"commentCount":0,"image":{"@id":"https:\/\/www.pallokarhut.fi\/lentopallo\/lentisjunnujen-syksy-on-startannut\/#primaryimage"},"thumbnailUrl":"https:\/\/www.pallokarhut.fi\/lentopallo\/wp-content\/uploads\/2022\/08\/InCollage_20220809_171827494-1-1024x1024.jpg","articleSection":["Uutiset - Juniorit"],"inLanguage":"fi","potentialAction":[{"@type":"CommentAction","name":"Comment","target":["https:\/\/www.pallokarhut.fi\/lentopallo\/lentisjunnujen-syksy-on-startannut\/#respond"]}]},{"@type":"WebPage","@id":"https:\/\/www.pallokarhut.fi\/lentopallo\/lentisjunnujen-syksy-on-startannut\/","url":"https:\/\/www.pallokarhut.fi\/lentopallo\/lentisjunnujen-syksy-on-startannut\/","name":"Lentisjunnujen syksy on startannut - Pallokarhut, lentopallo","isPartOf":{"@id":"https:\/\/www.pallokarhut.fi\/lentopallo\/#website"},"primaryImageOfPage":{"@id":"https:\/\/www.pallokarhut.fi\/lentopallo\/lentisjunnujen-syksy-on-startannut\/#primaryimage"},"image":{"@id":"https:\/\/www.pallokarhut.fi\/lentopallo\/lentisjunnujen-syksy-on-startannut\/#primaryimage"},"thumbnailUrl":"https:\/\/www.pallokarhut.fi\/lentopallo\/wp-content\/uploads\/2022\/08\/InCollage_20220809_171827494-1-1024x1024.jpg","datePublished":"2022-08-28T15:50:26+00:00","dateModified":"2022-08-28T15:50:28+00:00","author":{"@id":"https:\/\/www.pallokarhut.fi\/lentopallo\/#\/schema\/person\/8504034435053eaea8e49c1fe227825f"},"breadcrumb":{"@id":"https:\/\/www.pallokarhut.fi\/lentopallo\/lentisjunnujen-syksy-on-startannut\/#breadcrumb"},"inLanguage":"fi","potentialAction":[{"@type":"ReadAction","target":["https:\/\/www.pallokarhut.fi\/lentopallo\/lentisjunnujen-syksy-on-startannut\/"]}]},{"@type":"ImageObject","inLanguage":"fi","@id":"https:\/\/www.pallokarhut.fi\/lentopallo\/lentisjunnujen-syksy-on-startannut\/#primaryimage","url":"https:\/\/www.pallokarhut.fi\/lentopallo\/wp-content\/uploads\/2022\/08\/InCollage_20220809_171827494-1-1024x1024.jpg","contentUrl":"https:\/\/www.pallokarhut.fi\/lentopallo\/wp-content\/uploads\/2022\/08\/InCollage_20220809_171827494-1-1024x1024.jpg"},{"@type":"BreadcrumbList","@id":"https:\/\/www.pallokarhut.fi\/lentopallo\/lentisjunnujen-syksy-on-startannut\/#breadcrumb","itemListElement":[{"@type":"ListItem","position":1,"name":"Etusivu","item":"https:\/\/www.pallokarhut.fi\/lentopallo\/"},{"@type":"ListItem","position":2,"name":"Lentisjunnujen syksy on startannut"}]},{"@type":"WebSite","@id":"https:\/\/www.pallokarhut.fi\/lentopallo\/#website","url":"https:\/\/www.pallokarhut.fi\/lentopallo\/","name":"Pallokarhut, lentopallo","description":"Lentopalloa Kuusamossa","potentialAction":[{"@type":"SearchAction","target":{"@type":"EntryPoint","urlTemplate":"https:\/\/www.pallokarhut.fi\/lentopallo\/?s={search_term_string}"},"query-input":{"@type":"PropertyValueSpecification","valueRequired":true,"valueName":"search_term_string"}}],"inLanguage":"fi"},{"@type":"Person","@id":"https:\/\/www.pallokarhut.fi\/lentopallo\/#\/schema\/person\/8504034435053eaea8e49c1fe227825f","name":"Jarmo Korva","image":{"@type":"ImageObject","inLanguage":"fi","@id":"https:\/\/www.pallokarhut.fi\/lentopallo\/wp-content\/litespeed\/avatar\/887b22a0f770dc51f2b6de6d20774ba8.jpg?ver=1777525553","url":"https:\/\/www.pallokarhut.fi\/lentopallo\/wp-content\/litespeed\/avatar\/887b22a0f770dc51f2b6de6d20774ba8.jpg?ver=1777525553","contentUrl":"https:\/\/www.pallokarhut.fi\/lentopallo\/wp-content\/litespeed\/avatar\/887b22a0f770dc51f2b6de6d20774ba8.jpg?ver=1777525553","caption":"Jarmo Korva"},"url":"https:\/\/www.pallokarhut.fi\/lentopallo\/author\/pakajarmo\/"}]}},"_links":{"self":[{"href":"https:\/\/www.pallokarhut.fi\/lentopallo\/wp-json\/wp\/v2\/posts\/2369","targetHints":{"allow":["GET"]}}],"collection":[{"href":"https:\/\/www.pallokarhut.fi\/lentopallo\/wp-json\/wp\/v2\/posts"}],"about":[{"href":"https:\/\/www.pallokarhut.fi\/lentopallo\/wp-json\/wp\/v2\/types\/post"}],"author":[{"embeddable":true,"href":"https:\/\/www.pallokarhut.fi\/lentopallo\/wp-json\/wp\/v2\/users\/4"}],"replies":[{"embeddable":true,"href":"https:\/\/www.pallokarhut.fi\/lentopallo\/wp-json\/wp\/v2\/comments?post=2369"}],"version-history":[{"count":1,"href":"https:\/\/www.pallokarhut.fi\/lentopallo\/wp-json\/wp\/v2\/posts\/2369\/revisions"}],"predecessor-version":[{"id":2373,"href":"https:\/\/www.pallokarhut.fi\/lentopallo\/wp-json\/wp\/v2\/posts\/2369\/revisions\/2373"}],"wp:attachment":[{"href":"https:\/\/www.pallokarhut.fi\/lentopallo\/wp-json\/wp\/v2\/media?parent=2369"}],"wp:term":[{"taxonomy":"category","embeddable":true,"href":"https:\/\/www.pallokarhut.fi\/lentopallo\/wp-json\/wp\/v2\/categories?post=2369"},{"taxonomy":"post_tag","embeddable":true,"href":"https:\/\/www.pallokarhut.fi\/lentopallo\/wp-json\/wp\/v2\/tags?post=2369"}],"curies":[{"name":"wp","href":"https:\/\/api.w.org\/{rel}","templated":true}]}}