{"id":157,"date":"2014-04-25T16:29:27","date_gmt":"2014-04-25T13:29:27","guid":{"rendered":"http:\/\/www.pallokarhut.fi\/lentopallo\/?p=157"},"modified":"2022-03-15T08:33:06","modified_gmt":"2022-03-15T06:33:06","slug":"iida-emilia-maajoukkueleirille","status":"publish","type":"post","link":"https:\/\/www.pallokarhut.fi\/lentopallo\/iida-emilia-maajoukkueleirille\/","title":{"rendered":"Iida-Emilia maajoukkueleirille"},"content":{"rendered":"<p><img decoding=\"async\" class=\" alignright size-full wp-image-156\" style=\"margin: 5px; float: right;\" src=\"http:\/\/www.pallokarhut.fi\/lentopallo\/wp-content\/uploads\/2014\/04\/iida-emilia.jpg\" alt=\"\" width=\"150\" height=\"192\" srcset=\"https:\/\/www.pallokarhut.fi\/lentopallo\/wp-content\/uploads\/2014\/04\/iida-emilia.jpg 323w, https:\/\/www.pallokarhut.fi\/lentopallo\/wp-content\/uploads\/2014\/04\/iida-emilia-235x300.jpg 235w\" sizes=\"(max-width: 150px) 100vw, 150px\" \/> <span data-scayt_word=\"Pallo-Karhujen\" data-scaytid=\"1\">Pallo-Karhujen<\/span> <span data-scayt_word=\"ensi\" data-scaytid=\"2\">ensi<\/span> <span data-scayt_word=\"kauden\" data-scaytid=\"3\">kauden<\/span> <span data-scayt_word=\"liigapelaajistoon\" data-scaytid=\"4\">liigapelaajistoon<\/span> <span data-scayt_word=\"kuuluva\" data-scaytid=\"5\">kuuluva<\/span><span style=\"color: #000000;\"> <strong><span data-scayt_word=\"Iida-Emilia\" data-scaytid=\"6\">Iida-Emilia<\/span> <span data-scayt_word=\"Kivimurto\" data-scaytid=\"7\">Kivimurto<\/span><\/strong><\/span> on <span data-scayt_word=\"mukana\" data-scaytid=\"8\">mukana<\/span> <span data-scayt_word=\"naisten\" data-scaytid=\"9\">naisten<\/span> <span data-scayt_word=\"maajoukkueen\" data-scaytid=\"10\">maajoukkueen<\/span> <span data-scayt_word=\"avausleirill\u00e4\" data-scaytid=\"11\">avausleirill\u00e4<\/span>, <span data-scayt_word=\"joka\" data-scaytid=\"12\">joka<\/span> <span data-scayt_word=\"alkaa\" data-scaytid=\"13\">alkaa<\/span> <span data-scayt_word=\"Kuortaneen\" data-scaytid=\"14\">Kuortaneen<\/span> <span data-scayt_word=\"urheiluopistolla\" data-scaytid=\"15\">urheiluopistolla<\/span> <span data-scayt_word=\"heti\" data-scaytid=\"16\">heti<\/span> <span data-scayt_word=\"vapun\" data-scaytid=\"17\">vapun<\/span> <span data-scayt_word=\"j\u00e4lkeen\" data-scaytid=\"18\">j\u00e4lkeen<\/span> 2.5. <span data-scayt_word=\"Maajoukkuevalmentaja\" data-scaytid=\"19\">Maajoukkuevalmentaja<\/span> <span data-scayt_word=\"Tapio\" data-scaytid=\"20\">Tapio<\/span> <span data-scayt_word=\"Kangasniemen\" data-scaytid=\"21\">Kangasniemen<\/span> <span data-scayt_word=\"mielest\u00e4\" data-scaytid=\"22\">mielest\u00e4<\/span> <span data-scayt_word=\"varsinkin\" data-scaytid=\"23\">varsinkin<\/span> <span data-scayt_word=\"leirille\" data-scaytid=\"24\">leirille<\/span> <span data-scayt_word=\"mukaan\" data-scaytid=\"25\">mukaan<\/span> <span data-scayt_word=\"kutsuttu\" data-scaytid=\"26\">kutsuttu<\/span> <span data-scayt_word=\"keskitorjujaosasto\" data-scaytid=\"27\">keskitorjujaosasto<\/span> on <span data-scayt_word=\"tasaista\" data-scaytid=\"28\">tasaista<\/span>. <span data-scayt_word=\"Avausleirille\" data-scaytid=\"294\">Avausleirille<\/span> <span data-scayt_word=\"Kangasniemi\" data-scaytid=\"353\">Kangasniemi<\/span> on <span data-scayt_word=\"kutsunut\" data-scaytid=\"445\">kutsunut<\/span> <span data-scayt_word=\"yhteens\u00e4\" data-scaytid=\"477\">yhteens\u00e4<\/span> 20 <span data-scayt_word=\"lentopalloilijaa\" data-scaytid=\"703\">lentopalloilijaa<\/span>, <span data-scayt_word=\"joista\" data-scaytid=\"737\">joista<\/span> <span data-scayt_word=\"seuraavalle\" data-scaytid=\"806\">seuraavalle<\/span> <span data-scayt_word=\"leirille\" data-scaytid=\"831\">leirille<\/span> <span data-scayt_word=\"mukaan\" data-scaytid=\"905\">mukaan<\/span> <span data-scayt_word=\"p\u00e4\u00e4see\" data-scaytid=\"990\">p\u00e4\u00e4see<\/span> 14&nbsp; <span data-scayt_word=\"pelaajaa\" data-scaytid=\"1105\">pelaajaa<\/span>.<\/p>\n<p><span data-scayt_word=\"Onnittelut\" data-scaytid=\"85\">Onnittelut<\/span> <span data-scayt_word=\"Iida-Emilialle\" data-scaytid=\"86\">Iida-Emilialle<\/span> <span data-scayt_word=\"valinnasta\" data-scaytid=\"87\">valinnasta<\/span> <span data-scayt_word=\"ja\" data-scaytid=\"88\">ja<\/span> <span data-scayt_word=\"toivotaan\" data-scaytid=\"89\">toivotaan<\/span> <span data-scayt_word=\"jatkoon\" data-scaytid=\"90\">jatkoon<\/span> <span data-scayt_word=\"p\u00e4\u00e4sy\u00e4\" data-scaytid=\"91\">p\u00e4\u00e4sy\u00e4<\/span> <span data-scayt_word=\"kovien\" data-scaytid=\"92\">kovien<\/span> <span data-scayt_word=\"keskitorjujien\" data-scaytid=\"93\">keskitorjujien<\/span> <span data-scayt_word=\"joukosta\" data-scaytid=\"94\">joukosta<\/span>!<\/p>\n<p><span data-scayt_word=\"Uutinen\" data-scaytid=\"95\">Uutinen<\/span> <span data-scayt_word=\"lentopalloliiton\" data-scaytid=\"96\">lentopalloliiton<\/span> <a href=\"http:\/\/www.lentopalloliitto.fi\/huippu-urheilu\/maajoukkueet\/naiset\/?x916860=19542671\" target=\"_blank\" rel=\"noopener\"><span data-scayt_word=\"sivuilla\" data-scaytid=\"97\">sivuilla<\/span><\/a>.<\/p>\n","protected":false},"excerpt":{"rendered":"<p>Pallo-Karhujen ensi kauden liigapelaajistoon kuuluva Iida-Emilia Kivimurto on mukana naisten maajoukkueen avausleirill\u00e4, joka alkaa Kuortaneen urheiluopistolla heti vapun j\u00e4lkeen 2.5. Maajoukkuevalmentaja Tapio Kangasniemen mielest\u00e4 varsinkin leirille mukaan kutsuttu keskitorjujaosasto on tasaista. Avausleirille Kangasniemi on kutsunut yhteens\u00e4 20 lentopalloilijaa, joista seuraavalle leirille mukaan p\u00e4\u00e4see 14&nbsp; pelaajaa. Onnittelut Iida-Emilialle valinnasta ja toivotaan jatkoon p\u00e4\u00e4sy\u00e4 kovien keskitorjujien joukosta! [&hellip;]<\/p>\n","protected":false},"author":1,"featured_media":156,"comment_status":"closed","ping_status":"open","sticky":false,"template":"","format":"standard","meta":{"footnotes":""},"categories":[3],"tags":[],"class_list":["post-157","post","type-post","status-publish","format-standard","has-post-thumbnail","hentry","category-etusivu"],"yoast_head":"<!-- This site is optimized with the Yoast SEO plugin v27.4 - https:\/\/yoast.com\/product\/yoast-seo-wordpress\/ -->\n<title>Iida-Emilia maajoukkueleirille - Pallokarhut, lentopallo<\/title>\n<meta name=\"robots\" content=\"index, follow, max-snippet:-1, max-image-preview:large, max-video-preview:-1\" \/>\n<link rel=\"canonical\" href=\"https:\/\/www.pallokarhut.fi\/lentopallo\/iida-emilia-maajoukkueleirille\/\" \/>\n<meta property=\"og:locale\" content=\"fi_FI\" \/>\n<meta property=\"og:type\" content=\"article\" \/>\n<meta property=\"og:title\" content=\"Iida-Emilia maajoukkueleirille - Pallokarhut, lentopallo\" \/>\n<meta property=\"og:description\" content=\"Pallo-Karhujen ensi kauden liigapelaajistoon kuuluva Iida-Emilia Kivimurto on mukana naisten maajoukkueen avausleirill\u00e4, joka alkaa Kuortaneen urheiluopistolla heti vapun j\u00e4lkeen 2.5. Maajoukkuevalmentaja Tapio Kangasniemen mielest\u00e4 varsinkin leirille mukaan kutsuttu keskitorjujaosasto on tasaista. Avausleirille Kangasniemi on kutsunut yhteens\u00e4 20 lentopalloilijaa, joista seuraavalle leirille mukaan p\u00e4\u00e4see 14&nbsp; pelaajaa. Onnittelut Iida-Emilialle valinnasta ja toivotaan jatkoon p\u00e4\u00e4sy\u00e4 kovien keskitorjujien joukosta! [&hellip;]\" \/>\n<meta property=\"og:url\" content=\"https:\/\/www.pallokarhut.fi\/lentopallo\/iida-emilia-maajoukkueleirille\/\" \/>\n<meta property=\"og:site_name\" content=\"Pallokarhut, lentopallo\" \/>\n<meta property=\"article:published_time\" content=\"2014-04-25T13:29:27+00:00\" \/>\n<meta property=\"article:modified_time\" content=\"2022-03-15T06:33:06+00:00\" \/>\n<meta property=\"og:image\" content=\"https:\/\/www.pallokarhut.fi\/lentopallo\/wp-content\/uploads\/2014\/04\/iida-emilia.jpg\" \/>\n\t<meta property=\"og:image:width\" content=\"323\" \/>\n\t<meta property=\"og:image:height\" content=\"413\" \/>\n\t<meta property=\"og:image:type\" content=\"image\/jpeg\" \/>\n<meta name=\"author\" content=\"davas_saara\" \/>\n<meta name=\"twitter:card\" content=\"summary_large_image\" \/>\n<meta name=\"twitter:label1\" content=\"Kirjoittanut\" \/>\n\t<meta name=\"twitter:data1\" content=\"davas_saara\" \/>\n<script type=\"application\/ld+json\" class=\"yoast-schema-graph\">{\"@context\":\"https:\\\/\\\/schema.org\",\"@graph\":[{\"@type\":\"Article\",\"@id\":\"https:\\\/\\\/www.pallokarhut.fi\\\/lentopallo\\\/iida-emilia-maajoukkueleirille\\\/#article\",\"isPartOf\":{\"@id\":\"https:\\\/\\\/www.pallokarhut.fi\\\/lentopallo\\\/iida-emilia-maajoukkueleirille\\\/\"},\"author\":{\"name\":\"davas_saara\",\"@id\":\"https:\\\/\\\/www.pallokarhut.fi\\\/lentopallo\\\/#\\\/schema\\\/person\\\/fe82638390c9ef8ff03f1a83186bf53f\"},\"headline\":\"Iida-Emilia maajoukkueleirille\",\"datePublished\":\"2014-04-25T13:29:27+00:00\",\"dateModified\":\"2022-03-15T06:33:06+00:00\",\"mainEntityOfPage\":{\"@id\":\"https:\\\/\\\/www.pallokarhut.fi\\\/lentopallo\\\/iida-emilia-maajoukkueleirille\\\/\"},\"wordCount\":61,\"image\":{\"@id\":\"https:\\\/\\\/www.pallokarhut.fi\\\/lentopallo\\\/iida-emilia-maajoukkueleirille\\\/#primaryimage\"},\"thumbnailUrl\":\"https:\\\/\\\/www.pallokarhut.fi\\\/lentopallo\\\/wp-content\\\/uploads\\\/2014\\\/04\\\/iida-emilia.jpg\",\"articleSection\":[\"Etusivu\"],\"inLanguage\":\"fi\"},{\"@type\":\"WebPage\",\"@id\":\"https:\\\/\\\/www.pallokarhut.fi\\\/lentopallo\\\/iida-emilia-maajoukkueleirille\\\/\",\"url\":\"https:\\\/\\\/www.pallokarhut.fi\\\/lentopallo\\\/iida-emilia-maajoukkueleirille\\\/\",\"name\":\"Iida-Emilia maajoukkueleirille - Pallokarhut, lentopallo\",\"isPartOf\":{\"@id\":\"https:\\\/\\\/www.pallokarhut.fi\\\/lentopallo\\\/#website\"},\"primaryImageOfPage\":{\"@id\":\"https:\\\/\\\/www.pallokarhut.fi\\\/lentopallo\\\/iida-emilia-maajoukkueleirille\\\/#primaryimage\"},\"image\":{\"@id\":\"https:\\\/\\\/www.pallokarhut.fi\\\/lentopallo\\\/iida-emilia-maajoukkueleirille\\\/#primaryimage\"},\"thumbnailUrl\":\"https:\\\/\\\/www.pallokarhut.fi\\\/lentopallo\\\/wp-content\\\/uploads\\\/2014\\\/04\\\/iida-emilia.jpg\",\"datePublished\":\"2014-04-25T13:29:27+00:00\",\"dateModified\":\"2022-03-15T06:33:06+00:00\",\"author\":{\"@id\":\"https:\\\/\\\/www.pallokarhut.fi\\\/lentopallo\\\/#\\\/schema\\\/person\\\/fe82638390c9ef8ff03f1a83186bf53f\"},\"breadcrumb\":{\"@id\":\"https:\\\/\\\/www.pallokarhut.fi\\\/lentopallo\\\/iida-emilia-maajoukkueleirille\\\/#breadcrumb\"},\"inLanguage\":\"fi\",\"potentialAction\":[{\"@type\":\"ReadAction\",\"target\":[\"https:\\\/\\\/www.pallokarhut.fi\\\/lentopallo\\\/iida-emilia-maajoukkueleirille\\\/\"]}]},{\"@type\":\"ImageObject\",\"inLanguage\":\"fi\",\"@id\":\"https:\\\/\\\/www.pallokarhut.fi\\\/lentopallo\\\/iida-emilia-maajoukkueleirille\\\/#primaryimage\",\"url\":\"https:\\\/\\\/www.pallokarhut.fi\\\/lentopallo\\\/wp-content\\\/uploads\\\/2014\\\/04\\\/iida-emilia.jpg\",\"contentUrl\":\"https:\\\/\\\/www.pallokarhut.fi\\\/lentopallo\\\/wp-content\\\/uploads\\\/2014\\\/04\\\/iida-emilia.jpg\",\"width\":323,\"height\":413},{\"@type\":\"BreadcrumbList\",\"@id\":\"https:\\\/\\\/www.pallokarhut.fi\\\/lentopallo\\\/iida-emilia-maajoukkueleirille\\\/#breadcrumb\",\"itemListElement\":[{\"@type\":\"ListItem\",\"position\":1,\"name\":\"Etusivu\",\"item\":\"https:\\\/\\\/www.pallokarhut.fi\\\/lentopallo\\\/\"},{\"@type\":\"ListItem\",\"position\":2,\"name\":\"Iida-Emilia maajoukkueleirille\"}]},{\"@type\":\"WebSite\",\"@id\":\"https:\\\/\\\/www.pallokarhut.fi\\\/lentopallo\\\/#website\",\"url\":\"https:\\\/\\\/www.pallokarhut.fi\\\/lentopallo\\\/\",\"name\":\"Pallokarhut, lentopallo\",\"description\":\"Lentopalloa Kuusamossa\",\"potentialAction\":[{\"@type\":\"SearchAction\",\"target\":{\"@type\":\"EntryPoint\",\"urlTemplate\":\"https:\\\/\\\/www.pallokarhut.fi\\\/lentopallo\\\/?s={search_term_string}\"},\"query-input\":{\"@type\":\"PropertyValueSpecification\",\"valueRequired\":true,\"valueName\":\"search_term_string\"}}],\"inLanguage\":\"fi\"},{\"@type\":\"Person\",\"@id\":\"https:\\\/\\\/www.pallokarhut.fi\\\/lentopallo\\\/#\\\/schema\\\/person\\\/fe82638390c9ef8ff03f1a83186bf53f\",\"name\":\"davas_saara\",\"image\":{\"@type\":\"ImageObject\",\"inLanguage\":\"fi\",\"@id\":\"https:\\\/\\\/www.pallokarhut.fi\\\/lentopallo\\\/wp-content\\\/litespeed\\\/avatar\\\/f849348f62390ab4d6a206dcd61f5771.jpg?ver=1777282058\",\"url\":\"https:\\\/\\\/www.pallokarhut.fi\\\/lentopallo\\\/wp-content\\\/litespeed\\\/avatar\\\/f849348f62390ab4d6a206dcd61f5771.jpg?ver=1777282058\",\"contentUrl\":\"https:\\\/\\\/www.pallokarhut.fi\\\/lentopallo\\\/wp-content\\\/litespeed\\\/avatar\\\/f849348f62390ab4d6a206dcd61f5771.jpg?ver=1777282058\",\"caption\":\"davas_saara\"},\"sameAs\":[\"http:\\\/\\\/www.pallokarhut.fi\\\/lentopallo\"],\"url\":\"https:\\\/\\\/www.pallokarhut.fi\\\/lentopallo\\\/author\\\/davas_saara\\\/\"}]}<\/script>\n<!-- \/ Yoast SEO plugin. -->","yoast_head_json":{"title":"Iida-Emilia maajoukkueleirille - Pallokarhut, lentopallo","robots":{"index":"index","follow":"follow","max-snippet":"max-snippet:-1","max-image-preview":"max-image-preview:large","max-video-preview":"max-video-preview:-1"},"canonical":"https:\/\/www.pallokarhut.fi\/lentopallo\/iida-emilia-maajoukkueleirille\/","og_locale":"fi_FI","og_type":"article","og_title":"Iida-Emilia maajoukkueleirille - Pallokarhut, lentopallo","og_description":"Pallo-Karhujen ensi kauden liigapelaajistoon kuuluva Iida-Emilia Kivimurto on mukana naisten maajoukkueen avausleirill\u00e4, joka alkaa Kuortaneen urheiluopistolla heti vapun j\u00e4lkeen 2.5. Maajoukkuevalmentaja Tapio Kangasniemen mielest\u00e4 varsinkin leirille mukaan kutsuttu keskitorjujaosasto on tasaista. Avausleirille Kangasniemi on kutsunut yhteens\u00e4 20 lentopalloilijaa, joista seuraavalle leirille mukaan p\u00e4\u00e4see 14&nbsp; pelaajaa. Onnittelut Iida-Emilialle valinnasta ja toivotaan jatkoon p\u00e4\u00e4sy\u00e4 kovien keskitorjujien joukosta! [&hellip;]","og_url":"https:\/\/www.pallokarhut.fi\/lentopallo\/iida-emilia-maajoukkueleirille\/","og_site_name":"Pallokarhut, lentopallo","article_published_time":"2014-04-25T13:29:27+00:00","article_modified_time":"2022-03-15T06:33:06+00:00","og_image":[{"width":323,"height":413,"url":"https:\/\/www.pallokarhut.fi\/lentopallo\/wp-content\/uploads\/2014\/04\/iida-emilia.jpg","type":"image\/jpeg"}],"author":"davas_saara","twitter_card":"summary_large_image","twitter_misc":{"Kirjoittanut":"davas_saara"},"schema":{"@context":"https:\/\/schema.org","@graph":[{"@type":"Article","@id":"https:\/\/www.pallokarhut.fi\/lentopallo\/iida-emilia-maajoukkueleirille\/#article","isPartOf":{"@id":"https:\/\/www.pallokarhut.fi\/lentopallo\/iida-emilia-maajoukkueleirille\/"},"author":{"name":"davas_saara","@id":"https:\/\/www.pallokarhut.fi\/lentopallo\/#\/schema\/person\/fe82638390c9ef8ff03f1a83186bf53f"},"headline":"Iida-Emilia maajoukkueleirille","datePublished":"2014-04-25T13:29:27+00:00","dateModified":"2022-03-15T06:33:06+00:00","mainEntityOfPage":{"@id":"https:\/\/www.pallokarhut.fi\/lentopallo\/iida-emilia-maajoukkueleirille\/"},"wordCount":61,"image":{"@id":"https:\/\/www.pallokarhut.fi\/lentopallo\/iida-emilia-maajoukkueleirille\/#primaryimage"},"thumbnailUrl":"https:\/\/www.pallokarhut.fi\/lentopallo\/wp-content\/uploads\/2014\/04\/iida-emilia.jpg","articleSection":["Etusivu"],"inLanguage":"fi"},{"@type":"WebPage","@id":"https:\/\/www.pallokarhut.fi\/lentopallo\/iida-emilia-maajoukkueleirille\/","url":"https:\/\/www.pallokarhut.fi\/lentopallo\/iida-emilia-maajoukkueleirille\/","name":"Iida-Emilia maajoukkueleirille - Pallokarhut, lentopallo","isPartOf":{"@id":"https:\/\/www.pallokarhut.fi\/lentopallo\/#website"},"primaryImageOfPage":{"@id":"https:\/\/www.pallokarhut.fi\/lentopallo\/iida-emilia-maajoukkueleirille\/#primaryimage"},"image":{"@id":"https:\/\/www.pallokarhut.fi\/lentopallo\/iida-emilia-maajoukkueleirille\/#primaryimage"},"thumbnailUrl":"https:\/\/www.pallokarhut.fi\/lentopallo\/wp-content\/uploads\/2014\/04\/iida-emilia.jpg","datePublished":"2014-04-25T13:29:27+00:00","dateModified":"2022-03-15T06:33:06+00:00","author":{"@id":"https:\/\/www.pallokarhut.fi\/lentopallo\/#\/schema\/person\/fe82638390c9ef8ff03f1a83186bf53f"},"breadcrumb":{"@id":"https:\/\/www.pallokarhut.fi\/lentopallo\/iida-emilia-maajoukkueleirille\/#breadcrumb"},"inLanguage":"fi","potentialAction":[{"@type":"ReadAction","target":["https:\/\/www.pallokarhut.fi\/lentopallo\/iida-emilia-maajoukkueleirille\/"]}]},{"@type":"ImageObject","inLanguage":"fi","@id":"https:\/\/www.pallokarhut.fi\/lentopallo\/iida-emilia-maajoukkueleirille\/#primaryimage","url":"https:\/\/www.pallokarhut.fi\/lentopallo\/wp-content\/uploads\/2014\/04\/iida-emilia.jpg","contentUrl":"https:\/\/www.pallokarhut.fi\/lentopallo\/wp-content\/uploads\/2014\/04\/iida-emilia.jpg","width":323,"height":413},{"@type":"BreadcrumbList","@id":"https:\/\/www.pallokarhut.fi\/lentopallo\/iida-emilia-maajoukkueleirille\/#breadcrumb","itemListElement":[{"@type":"ListItem","position":1,"name":"Etusivu","item":"https:\/\/www.pallokarhut.fi\/lentopallo\/"},{"@type":"ListItem","position":2,"name":"Iida-Emilia maajoukkueleirille"}]},{"@type":"WebSite","@id":"https:\/\/www.pallokarhut.fi\/lentopallo\/#website","url":"https:\/\/www.pallokarhut.fi\/lentopallo\/","name":"Pallokarhut, lentopallo","description":"Lentopalloa Kuusamossa","potentialAction":[{"@type":"SearchAction","target":{"@type":"EntryPoint","urlTemplate":"https:\/\/www.pallokarhut.fi\/lentopallo\/?s={search_term_string}"},"query-input":{"@type":"PropertyValueSpecification","valueRequired":true,"valueName":"search_term_string"}}],"inLanguage":"fi"},{"@type":"Person","@id":"https:\/\/www.pallokarhut.fi\/lentopallo\/#\/schema\/person\/fe82638390c9ef8ff03f1a83186bf53f","name":"davas_saara","image":{"@type":"ImageObject","inLanguage":"fi","@id":"https:\/\/www.pallokarhut.fi\/lentopallo\/wp-content\/litespeed\/avatar\/f849348f62390ab4d6a206dcd61f5771.jpg?ver=1777282058","url":"https:\/\/www.pallokarhut.fi\/lentopallo\/wp-content\/litespeed\/avatar\/f849348f62390ab4d6a206dcd61f5771.jpg?ver=1777282058","contentUrl":"https:\/\/www.pallokarhut.fi\/lentopallo\/wp-content\/litespeed\/avatar\/f849348f62390ab4d6a206dcd61f5771.jpg?ver=1777282058","caption":"davas_saara"},"sameAs":["http:\/\/www.pallokarhut.fi\/lentopallo"],"url":"https:\/\/www.pallokarhut.fi\/lentopallo\/author\/davas_saara\/"}]}},"_links":{"self":[{"href":"https:\/\/www.pallokarhut.fi\/lentopallo\/wp-json\/wp\/v2\/posts\/157","targetHints":{"allow":["GET"]}}],"collection":[{"href":"https:\/\/www.pallokarhut.fi\/lentopallo\/wp-json\/wp\/v2\/posts"}],"about":[{"href":"https:\/\/www.pallokarhut.fi\/lentopallo\/wp-json\/wp\/v2\/types\/post"}],"author":[{"embeddable":true,"href":"https:\/\/www.pallokarhut.fi\/lentopallo\/wp-json\/wp\/v2\/users\/1"}],"replies":[{"embeddable":true,"href":"https:\/\/www.pallokarhut.fi\/lentopallo\/wp-json\/wp\/v2\/comments?post=157"}],"version-history":[{"count":1,"href":"https:\/\/www.pallokarhut.fi\/lentopallo\/wp-json\/wp\/v2\/posts\/157\/revisions"}],"predecessor-version":[{"id":1749,"href":"https:\/\/www.pallokarhut.fi\/lentopallo\/wp-json\/wp\/v2\/posts\/157\/revisions\/1749"}],"wp:featuredmedia":[{"embeddable":true,"href":"https:\/\/www.pallokarhut.fi\/lentopallo\/wp-json\/wp\/v2\/media\/156"}],"wp:attachment":[{"href":"https:\/\/www.pallokarhut.fi\/lentopallo\/wp-json\/wp\/v2\/media?parent=157"}],"wp:term":[{"taxonomy":"category","embeddable":true,"href":"https:\/\/www.pallokarhut.fi\/lentopallo\/wp-json\/wp\/v2\/categories?post=157"},{"taxonomy":"post_tag","embeddable":true,"href":"https:\/\/www.pallokarhut.fi\/lentopallo\/wp-json\/wp\/v2\/tags?post=157"}],"curies":[{"name":"wp","href":"https:\/\/api.w.org\/{rel}","templated":true}]}}